{"id":32184,"date":"2024-12-28T09:02:24","date_gmt":"2024-12-28T12:02:24","guid":{"rendered":"https:\/\/radiostudiow.com.br\/site\/?p=32184"},"modified":"2025-01-31T14:58:02","modified_gmt":"2025-01-31T17:58:02","slug":"acidente-grave-na-rodovia-br-476-proximo-a-entrada-de-paulo-frontin","status":"publish","type":"post","link":"https:\/\/radiostudiow.com.br\/site\/2024\/12\/28\/acidente-grave-na-rodovia-br-476-proximo-a-entrada-de-paulo-frontin\/","title":{"rendered":"ACIDENTE GRAVE NA RODOVIA BR 476 PR\u00d3XIMO A ENTRADA DE PAULO FRONTIN"},"content":{"rendered":"\n<p>Mais um grave acidente ocorrido na BR-476, Rodovia do Xisto como \u00e9 conhecida.<\/p>\n\n\n\n<p>O fato ocorreu por volta das 23:40 horas desta sexta-feira dia 27 de Dezembro no km 330, pr\u00f3ximo \u00e0 regi\u00e3o do Carazinho e ao trevo de acesso a cidade de Paulo Frontin.<\/p>\n\n\n\n<div class=\"wp-block-media-text is-stacked-on-mobile\" style=\"grid-template-columns:39% auto\"><figure class=\"wp-block-media-text__media\"><img decoding=\"async\" src=\"https:\/\/radiostudiow.com.br\/site\/wp-content\/uploads\/2024\/12\/image-82-809x1024.png\" alt=\"\" class=\"wp-image-31785 size-full\"\/><\/figure><div class=\"wp-block-media-text__content\">\n<p>AFUBRA IRATI: \ud83d\udcde(42) 3421-1700<br>\ud83d\udccd Rua Coronel Emilio Gomes, 399, Centro &#8211; Irati &#8211; PR<\/p>\n\n\n\n<p>AFUBRA IMBITUVA: \ud83d\udcde(42) 3436-84003<br>\ud83d\udccd RUA Jacobe Brener, 830 &#8211; Centro, Imbituva &#8211; PR<\/p>\n\n\n\n<p><a href=\"https:\/\/www.lojasafubra.com.br\">https:\/\/www.lojasafubra.com.br<\/a><\/p>\n<\/div><\/div>\n\n\n\n<p>Equipes do Corpo de Bombeiros de Uni\u00e3o da Vit\u00f3ria estiveram no local prestando socorro a duas v\u00edtimas de um Fiat Argo, com placas de Paulo Frontin, que colidiu frontalmente com uma carreta.<\/p>\n\n\n\n<p>As vitimas um homem e uma mulher, foram encaminhados para hospitais da regi\u00e3o.<\/p>\n\n\n\n<p>J\u00e1 o condutor da carreta n\u00e3o sofreu ferimentos.<\/p>\n\n\n\n<figure class=\"wp-block-image size-full\"><img decoding=\"async\" src=\"https:\/\/radiostudiow.com.br\/site\/wp-content\/uploads\/2024\/12\/BISTRO-1.png\" alt=\"\" class=\"wp-image-31475\"\/><\/figure>\n\n\n\n<p>A Pol\u00edcia Rodovi\u00e1ria Federal (PRF) foi acionada para tomar as medidas necess\u00e1rias e iniciar as investiga\u00e7\u00f5es das causas do acidente.<\/p>\n\n\n\n<p><em><strong>O estado de sa\u00fade das v\u00edtimas ainda n\u00e3o foi divulgado.\u00a0<\/strong><\/em><\/p>\n\n\n\n<figure class=\"wp-block-image size-large\"><img loading=\"lazy\" decoding=\"async\" width=\"894\" height=\"1024\" src=\"https:\/\/radiostudiow.com.br\/site\/wp-content\/uploads\/2024\/12\/image-129-894x1024.png\" alt=\"\" class=\"wp-image-32185\" srcset=\"https:\/\/radiostudiow.com.br\/site\/wp-content\/uploads\/2024\/12\/image-129-894x1024.png 894w, https:\/\/radiostudiow.com.br\/site\/wp-content\/uploads\/2024\/12\/image-129-262x300.png 262w, https:\/\/radiostudiow.com.br\/site\/wp-content\/uploads\/2024\/12\/image-129-768x879.png 768w, https:\/\/radiostudiow.com.br\/site\/wp-content\/uploads\/2024\/12\/image-129.png 1068w\" sizes=\"auto, (max-width: 894px) 100vw, 894px\" \/><\/figure>\n\n\n\n<figure class=\"wp-block-image size-large\"><img loading=\"lazy\" decoding=\"async\" width=\"1024\" height=\"791\" src=\"https:\/\/radiostudiow.com.br\/site\/wp-content\/uploads\/2024\/12\/image-130-1024x791.png\" alt=\"\" class=\"wp-image-32186\" srcset=\"https:\/\/radiostudiow.com.br\/site\/wp-content\/uploads\/2024\/12\/image-130-1024x791.png 1024w, https:\/\/radiostudiow.com.br\/site\/wp-content\/uploads\/2024\/12\/image-130-300x232.png 300w, https:\/\/radiostudiow.com.br\/site\/wp-content\/uploads\/2024\/12\/image-130-768x593.png 768w, https:\/\/radiostudiow.com.br\/site\/wp-content\/uploads\/2024\/12\/image-130.png 1080w\" sizes=\"auto, (max-width: 1024px) 100vw, 1024px\" \/><\/figure>\n\n\n\n<p><em>Fonte: Portal VVale<\/em><\/p>\n\n\n\n<p><\/p>\n","protected":false},"excerpt":{"rendered":"<p>Mais um grave acidente ocorrido na BR-476, Rodovia do Xisto como \u00e9 conhecida. O fato ocorreu por volta das 23:40 horas desta sexta-feira dia 27 de Dezembro no km 330, pr\u00f3ximo \u00e0 regi\u00e3o do Carazinho e ao trevo de acesso a cidade de Paulo Frontin. AFUBRA IRATI: \ud83d\udcde(42) 3421-1700\ud83d\udccd Rua Coronel Emilio Gomes, 399, Centro [&hellip;]<\/p>\n","protected":false},"author":2,"featured_media":32187,"comment_status":"open","ping_status":"open","sticky":false,"template":"","format":"standard","meta":{"footnotes":""},"categories":[185],"tags":[172],"class_list":["post-32184","post","type-post","status-publish","format-standard","has-post-thumbnail","hentry","category-regional","tag-featured"],"amp_enabled":true,"_links":{"self":[{"href":"https:\/\/radiostudiow.com.br\/site\/wp-json\/wp\/v2\/posts\/32184","targetHints":{"allow":["GET"]}}],"collection":[{"href":"https:\/\/radiostudiow.com.br\/site\/wp-json\/wp\/v2\/posts"}],"about":[{"href":"https:\/\/radiostudiow.com.br\/site\/wp-json\/wp\/v2\/types\/post"}],"author":[{"embeddable":true,"href":"https:\/\/radiostudiow.com.br\/site\/wp-json\/wp\/v2\/users\/2"}],"replies":[{"embeddable":true,"href":"https:\/\/radiostudiow.com.br\/site\/wp-json\/wp\/v2\/comments?post=32184"}],"version-history":[{"count":1,"href":"https:\/\/radiostudiow.com.br\/site\/wp-json\/wp\/v2\/posts\/32184\/revisions"}],"predecessor-version":[{"id":32188,"href":"https:\/\/radiostudiow.com.br\/site\/wp-json\/wp\/v2\/posts\/32184\/revisions\/32188"}],"wp:featuredmedia":[{"embeddable":true,"href":"https:\/\/radiostudiow.com.br\/site\/wp-json\/wp\/v2\/media\/32187"}],"wp:attachment":[{"href":"https:\/\/radiostudiow.com.br\/site\/wp-json\/wp\/v2\/media?parent=32184"}],"wp:term":[{"taxonomy":"category","embeddable":true,"href":"https:\/\/radiostudiow.com.br\/site\/wp-json\/wp\/v2\/categories?post=32184"},{"taxonomy":"post_tag","embeddable":true,"href":"https:\/\/radiostudiow.com.br\/site\/wp-json\/wp\/v2\/tags?post=32184"}],"curies":[{"name":"wp","href":"https:\/\/api.w.org\/{rel}","templated":true}]}}