{"id":32197,"date":"2024-12-28T09:51:03","date_gmt":"2024-12-28T12:51:03","guid":{"rendered":"https:\/\/radiostudiow.com.br\/site\/?p=32197"},"modified":"2025-01-31T14:58:02","modified_gmt":"2025-01-31T17:58:02","slug":"reveillon-2025-saiba-quais-capitais-podem-ter-chuva-durante-a-virada","status":"publish","type":"post","link":"https:\/\/radiostudiow.com.br\/site\/2024\/12\/28\/reveillon-2025-saiba-quais-capitais-podem-ter-chuva-durante-a-virada\/","title":{"rendered":"R\u00e9veillon 2025: saiba quais capitais podem ter chuva durante a virada"},"content":{"rendered":"\n<p>A t\u00e3o aguardada virada para 2025 acontece na pr\u00f3xima ter\u00e7a-feira, 31 de dezembro, e milh\u00f5es de brasileiros est\u00e3o se preparando para celebrar. Saber como estar\u00e1 o tempo \u00e9 essencial para organizar as comemora\u00e7\u00f5es ao ar livre ou em ambientes fechados.<\/p>\n\n\n\n<figure class=\"wp-block-image size-full\"><img loading=\"lazy\" decoding=\"async\" width=\"851\" height=\"315\" src=\"https:\/\/radiostudiow.com.br\/site\/wp-content\/uploads\/2024\/12\/image-124.png\" alt=\"\" class=\"wp-image-32112\" srcset=\"https:\/\/radiostudiow.com.br\/site\/wp-content\/uploads\/2024\/12\/image-124.png 851w, https:\/\/radiostudiow.com.br\/site\/wp-content\/uploads\/2024\/12\/image-124-300x111.png 300w, https:\/\/radiostudiow.com.br\/site\/wp-content\/uploads\/2024\/12\/image-124-768x284.png 768w\" sizes=\"auto, (max-width: 851px) 100vw, 851px\" \/><\/figure>\n\n\n\n<figure class=\"wp-block-image size-large\"><img decoding=\"async\" src=\"https:\/\/radiostudiow.com.br\/site\/wp-content\/uploads\/2024\/12\/PREVISAO-DO-TEMPO2-1024x576.png\" alt=\"\" class=\"wp-image-32202\"\/><\/figure>\n\n\n\n<h2 class=\"wp-block-heading\">Confira a previs\u00e3o detalhada por regi\u00e3o e as condi\u00e7\u00f5es esperadas durante o R\u00e9veillon:<\/h2>\n\n\n\n<h2 class=\"wp-block-heading\"><strong>Regi\u00e3o Sul<\/strong><\/h2>\n\n\n\n<p>Nos estados do Rio Grande do Sul,&nbsp;<a href=\"https:\/\/www.climatempo.com.br\/previsao-do-tempo\/cidade\/7503\/santacatarina-nd\" target=\"_blank\" rel=\"noreferrer noopener\">Santa Catarina<\/a>&nbsp;e Paran\u00e1, o dia ser\u00e1 marcado por muita nebulosidade e c\u00e9u predominantemente encoberto. Embora o sol apare\u00e7a em alguns momentos ao longo do dia, a maior parte do tempo ser\u00e1 de c\u00e9u nublado.<\/p>\n\n\n\n<p>O destaque fica para a faixa litor\u00e2nea norte de Santa Catarina e do Paran\u00e1, onde a previs\u00e3o \u00e9 de muita nebulosidade associada a chuvas de moderada a forte intensidade, que podem ocorrer a qualquer momento. Nessas \u00e1reas, as celebra\u00e7\u00f5es ao ar livre devem ser planejadas com cautela devido ao risco de chuvas intensas.<\/p>\n\n\n\n<h2 class=\"wp-block-heading\"><strong>Regi\u00e3o Sudeste<\/strong><\/h2>\n\n\n\n<p>Na regi\u00e3o Sudeste, as condi\u00e7\u00f5es variam significativamente entre os estados.<\/p>\n\n\n\n<ul class=\"wp-block-list\">\n<li>Na faixa centro-norte de\u00a0<a href=\"https:\/\/www.climatempo.com.br\/previsao-do-tempo\/cidade\/8508\/minas-nd\" target=\"_blank\" rel=\"noreferrer noopener\">Minas<\/a>\u00a0Gerais e em todo o\u00a0<a href=\"https:\/\/www.climatempo.com.br\/previsao-do-tempo\/cidade\/6295\/espiritosanto-rn\" target=\"_blank\" rel=\"noreferrer noopener\">Esp\u00edrito Santo<\/a>, o tempo ser\u00e1 marcado por muita nebulosidade e chuvas persistentes ao longo do dia. A chuva pode atrapalhar celebra\u00e7\u00f5es ao ar livre nessas \u00e1reas, especialmente \u00e0 noite.<\/li>\n\n\n\n<li>J\u00e1 no sul de Minas Gerais,\u00a0<a href=\"https:\/\/www.climatempo.com.br\/previsao-do-tempo\/cidade\/321\/riodejaneiro-rj\" target=\"_blank\" rel=\"noreferrer noopener\">Rio de Janeiro<\/a>\u00a0e\u00a0<a href=\"https:\/\/www.climatempo.com.br\/previsao-do-tempo\/cidade\/558\/saopaulo-sp\" target=\"_blank\" rel=\"noreferrer noopener\">S\u00e3o Paulo<\/a>, o sol deve aparecer entre nuvens. Nessas localidades, h\u00e1 previs\u00e3o de pancadas isoladas de chuva, mais prov\u00e1veis durante o fim da tarde e in\u00edcio da noite. No entanto, os volumes n\u00e3o devem ser significativos, permitindo maior flexibilidade para quem planeja eventos externos.<\/li>\n<\/ul>\n\n\n\n<figure class=\"wp-block-image size-full\"><img loading=\"lazy\" decoding=\"async\" width=\"598\" height=\"204\" src=\"https:\/\/radiostudiow.com.br\/site\/wp-content\/uploads\/2024\/10\/labirati.png\" alt=\"\" class=\"wp-image-28854\" srcset=\"https:\/\/radiostudiow.com.br\/site\/wp-content\/uploads\/2024\/10\/labirati.png 598w, https:\/\/radiostudiow.com.br\/site\/wp-content\/uploads\/2024\/10\/labirati-300x102.png 300w\" sizes=\"auto, (max-width: 598px) 100vw, 598px\" \/><\/figure>\n\n\n\n<h2 class=\"wp-block-heading\"><strong>Regi\u00e3o Centro-Oeste<\/strong><\/h2>\n\n\n\n<p>No Centro-Oeste, o cen\u00e1rio \u00e9 de continuidade das chuvas em boa parte da regi\u00e3o.<\/p>\n\n\n\n<ul class=\"wp-block-list\">\n<li>No centro-norte de\u00a0<a href=\"https:\/\/www.climatempo.com.br\/previsao-do-tempo\/cidade\/6089\/matogrosso-pb\" target=\"_blank\" rel=\"noreferrer noopener\">Mato Grosso<\/a>,\u00a0<a href=\"https:\/\/www.climatempo.com.br\/previsao-do-tempo\/cidade\/1013\/goias-go\" target=\"_blank\" rel=\"noreferrer noopener\">Goi\u00e1s<\/a>\u00a0e Distrito Federal, a previs\u00e3o \u00e9 de um dia com muita nebulosidade, poucas aberturas de sol e chuvas de moderada a forte intensidade. A instabilidade deve se manter at\u00e9 o per\u00edodo da virada, com risco de temporais pontuais.<\/li>\n\n\n\n<li>J\u00e1 nas regi\u00f5es ao sul de Mato Grosso, sul de Goi\u00e1s e em todo Mato Grosso do Sul, o sol aparecer\u00e1 em boa parte do dia, mas a faixa leste dessas \u00e1reas ter\u00e1 nebulosidade mais densa e possibilidade de pancadas isoladas de chuva, especialmente \u00e0 noite.<\/li>\n<\/ul>\n\n\n\n<h2 class=\"wp-block-heading\"><strong>Regi\u00e3o Nordeste<\/strong><\/h2>\n\n\n\n<p>O Nordeste apresenta condi\u00e7\u00f5es variadas, com maior instabilidade em \u00e1reas do interior e litoral mais est\u00e1vel.<\/p>\n\n\n\n<ul class=\"wp-block-list\">\n<li>No sul do Maranh\u00e3o, sul do\u00a0<a href=\"https:\/\/www.climatempo.com.br\/previsao-do-tempo\/cidade\/3935\/piau-mg\" target=\"_blank\" rel=\"noreferrer noopener\">Piau<\/a>\u00ed e oeste da Bahia, a previs\u00e3o \u00e9 de chuvas de moderada a forte intensidade ao longo do dia. Essas \u00e1reas podem enfrentar acumulados significativos, exigindo cuidado com alagamentos e mudan\u00e7as repentinas no tempo.<\/li>\n\n\n\n<li>J\u00e1 no litoral, entre o Rio Grande do Norte e a Bahia, o tempo ser\u00e1 de sol entre nuvens, com possibilidade de pancadas de chuva isoladas, mas sem volumes expressivos. Nas demais \u00e1reas, o clima ser\u00e1 mais est\u00e1vel, com predom\u00ednio de tempo firme para a virada.<\/li>\n<\/ul>\n\n\n\n<div class=\"wp-block-media-text is-stacked-on-mobile\"><figure class=\"wp-block-media-text__media\"><img decoding=\"async\" src=\"https:\/\/radiostudiow.com.br\/site\/wp-content\/uploads\/2024\/12\/0a044287-4369-456a-9c98-586ecff8d372-1024x1024.jpeg\" alt=\"\" class=\"wp-image-32026 size-full\"\/><\/figure><div class=\"wp-block-media-text__content\">\n<p><\/p>\n<\/div><\/div>\n\n\n\n<h2 class=\"wp-block-heading\"><strong>Regi\u00e3o Norte<\/strong><\/h2>\n\n\n\n<p>A regi\u00e3o Norte ter\u00e1 o tempo mais inst\u00e1vel do pa\u00eds, com previs\u00e3o de chuva em todos os estados.<\/p>\n\n\n\n<ul class=\"wp-block-list\">\n<li>Destaque para o Acre, Rond\u00f4nia, Amazonas, Par\u00e1, Roraima,\u00a0<a href=\"https:\/\/www.climatempo.com.br\/previsao-do-tempo\/cidade\/4072\/tocantins-mg\" target=\"_blank\" rel=\"noreferrer noopener\">Tocantins<\/a>\u00a0e o leste do Amap\u00e1, onde h\u00e1 alerta para chuvas intensas e temporais ao longo do dia e no per\u00edodo da virada. Nessas \u00e1reas, \u00e9 recomend\u00e1vel aten\u00e7\u00e3o aos riscos de alagamentos e rajadas de vento.<\/li>\n\n\n\n<li>Nas demais \u00e1reas, o cen\u00e1rio ser\u00e1 de muita nebulosidade, com chuvas moderadas a fortes ao longo do dia, reduzindo as chances de per\u00edodos secos para celebra\u00e7\u00f5es externas.<\/li>\n<\/ul>\n\n\n\n<h2 class=\"wp-block-heading\"><strong>An\u00e1lise para a Virada do Ano<\/strong><\/h2>\n\n\n\n<p>Conforme o mapa meteorol\u00f3gico que avalia a probabilidade de chuva entre 20h do dia 31 de dezembro e 03h do dia 1\u00ba de janeiro, as condi\u00e7\u00f5es variam significativamente pelo Brasil:<\/p>\n\n\n\n<ul class=\"wp-block-list\">\n<li><strong><a href=\"https:\/\/www.climatempo.com.br\/previsao-do-tempo\/cidade\/9639\/alta-nd\" target=\"_blank\" rel=\"noreferrer noopener\">Alta<\/a>\u00a0probabilidade de chuva:<\/strong>\u00a0Norte da Amaz\u00f4nia, partes do Centro-Oeste e \u00e1reas do Sul do Brasil apresentam elevado risco de chuva no hor\u00e1rio da virada, com destaque para temporais localizados.<\/li>\n\n\n\n<li><strong>Chance moderada de chuva:<\/strong>\u00a0\u00c1reas do centro-leste do Brasil, incluindo Minas Gerais e Bahia, t\u00eam instabilidades menores, mas ainda h\u00e1 possibilidade de pancadas isoladas.<\/li>\n\n\n\n<li><strong>Chance baixa de chuva:<\/strong>\u00a0O extremo leste e \u00e1reas do interior do Nordeste mostram maior estabilidade clim\u00e1tica, proporcionando um cen\u00e1rio mais favor\u00e1vel para celebra\u00e7\u00f5es ao ar livre.<\/li>\n<\/ul>\n\n\n\n<p>Capitais como&nbsp;<strong><a href=\"https:\/\/www.climatempo.com.br\/previsao-do-tempo\/cidade\/84\/vitoria-es\" target=\"_blank\" rel=\"noreferrer noopener\">Vit\u00f3ria<\/a>&nbsp;(33 mm)<\/strong>,&nbsp;<strong><a href=\"https:\/\/www.climatempo.com.br\/previsao-do-tempo\/cidade\/343\/portovelho-ro\" target=\"_blank\" rel=\"noreferrer noopener\">Porto Velho<\/a>&nbsp;(23 mm)<\/strong>,&nbsp;<strong><a href=\"https:\/\/www.climatempo.com.br\/previsao-do-tempo\/cidade\/107\/belohorizonte-mg\" target=\"_blank\" rel=\"noreferrer noopener\">Belo Horizonte<\/a>&nbsp;(15 mm)<\/strong>,&nbsp;<strong>Boa Vista (14 mm)<\/strong>&nbsp;e&nbsp;<strong><a href=\"https:\/\/www.climatempo.com.br\/previsao-do-tempo\/cidade\/88\/goiania-go\" target=\"_blank\" rel=\"noreferrer noopener\">Goi\u00e2nia<\/a>&nbsp;(12 mm)<\/strong>&nbsp;podem ter chuva significativa durante o dia e possivelmente no hor\u00e1rio da virada. Em cidades como&nbsp;<strong><a href=\"https:\/\/www.climatempo.com.br\/previsao-do-tempo\/cidade\/377\/florianopolis-sc\" target=\"_blank\" rel=\"noreferrer noopener\">Florian\u00f3polis<\/a><\/strong>,&nbsp;<strong><a href=\"https:\/\/www.climatempo.com.br\/previsao-do-tempo\/cidade\/25\/manaus-am\" target=\"_blank\" rel=\"noreferrer noopener\">Manaus<\/a><\/strong>, e&nbsp;<strong>Macap\u00e1<\/strong>, acumulados mais baixos entre 6 mm e 8 mm s\u00e3o esperados, com pancadas distribu\u00eddas ao longo do dia. Por outro lado, capitais como&nbsp;<strong>Rio de Janeiro<\/strong>,&nbsp;<strong>S\u00e3o Paulo<\/strong>,&nbsp;<strong>Campo Grande<\/strong>,&nbsp;<strong><a href=\"https:\/\/www.climatempo.com.br\/previsao-do-tempo\/cidade\/384\/aracaju-se\" target=\"_blank\" rel=\"noreferrer noopener\">Aracaju<\/a><\/strong>, e&nbsp;<strong><a href=\"https:\/\/www.climatempo.com.br\/previsao-do-tempo\/cidade\/56\/salvador-ba\" target=\"_blank\" rel=\"noreferrer noopener\">Salvador<\/a><\/strong>&nbsp;t\u00eam condi\u00e7\u00f5es mais est\u00e1veis, com pouca ou nenhuma previs\u00e3o de chuva.<\/p>\n\n\n\n<figure class=\"wp-block-image size-full\"><img loading=\"lazy\" decoding=\"async\" width=\"900\" height=\"408\" src=\"https:\/\/radiostudiow.com.br\/site\/wp-content\/uploads\/2024\/09\/image-64-1.png\" alt=\"\" class=\"wp-image-28207\" srcset=\"https:\/\/radiostudiow.com.br\/site\/wp-content\/uploads\/2024\/09\/image-64-1.png 900w, https:\/\/radiostudiow.com.br\/site\/wp-content\/uploads\/2024\/09\/image-64-1-300x136.png 300w, https:\/\/radiostudiow.com.br\/site\/wp-content\/uploads\/2024\/09\/image-64-1-768x348.png 768w\" sizes=\"auto, (max-width: 900px) 100vw, 900px\" \/><\/figure>\n\n\n\n<p>Em rela\u00e7\u00e3o \u00e0s temperaturas m\u00e1ximas ao longo do dia, destacam-se\u00a0<strong>Campo Grande<\/strong>\u00a0e\u00a0<strong><a href=\"https:\/\/www.climatempo.com.br\/previsao-do-tempo\/cidade\/264\/teresina-pi\" target=\"_blank\" rel=\"noreferrer noopener\">Teresina<\/a><\/strong>, com calor intenso que pode chegar a\u00a0<strong>34\u00b0C<\/strong>, seguidas por\u00a0<strong>Cuiab\u00e1 (32\u00b0C)<\/strong>\u00a0e v\u00e1rias capitais do Nordeste e Norte, como\u00a0<strong><a href=\"https:\/\/www.climatempo.com.br\/previsao-do-tempo\/cidade\/60\/fortaleza-ce\" target=\"_blank\" rel=\"noreferrer noopener\">Fortaleza<\/a><\/strong>,\u00a0<strong>Salvador<\/strong>\u00a0e\u00a0<strong>Bel\u00e9m<\/strong>, que devem alcan\u00e7ar m\u00e1ximas de\u00a0<strong>31\u00b0C<\/strong>. Em contraste, cidades do Sul e Sudeste, como\u00a0<strong><a href=\"https:\/\/www.climatempo.com.br\/previsao-do-tempo\/cidade\/271\/curitiba-pr\" target=\"_blank\" rel=\"noreferrer noopener\">Curitiba<\/a>\u00a0(23\u00b0C)<\/strong>\u00a0e\u00a0<strong>Belo Horizonte (24\u00b0C)<\/strong>, ter\u00e3o m\u00e1ximas mais amenas, enquanto o Rio de Janeiro e S\u00e3o Paulo registrar\u00e3o\u00a0<strong>30\u00b0C<\/strong>\u00a0e\u00a0<strong>27\u00b0C<\/strong>, respectivamente.<\/p>\n\n\n\n<figure class=\"wp-block-image size-full\"><img loading=\"lazy\" decoding=\"async\" width=\"1024\" height=\"1024\" src=\"https:\/\/radiostudiow.com.br\/site\/wp-content\/uploads\/2024\/12\/image-133.png\" alt=\"\" class=\"wp-image-32199\" srcset=\"https:\/\/radiostudiow.com.br\/site\/wp-content\/uploads\/2024\/12\/image-133.png 1024w, https:\/\/radiostudiow.com.br\/site\/wp-content\/uploads\/2024\/12\/image-133-300x300.png 300w, https:\/\/radiostudiow.com.br\/site\/wp-content\/uploads\/2024\/12\/image-133-768x768.png 768w, https:\/\/radiostudiow.com.br\/site\/wp-content\/uploads\/2024\/12\/image-133-80x80.png 80w\" sizes=\"auto, (max-width: 1024px) 100vw, 1024px\" \/><figcaption class=\"wp-element-caption\"><em>Imagem Clima Tempo &#8211; A StormGeo Company<\/em><\/figcaption><\/figure>\n\n\n\n<figure class=\"wp-block-image size-large\"><img decoding=\"async\" src=\"https:\/\/radiostudiow.com.br\/site\/wp-content\/uploads\/2024\/12\/PREVISAO-DO-TEMPO-4-1024x576.png\" alt=\"\" class=\"wp-image-32201\"\/><\/figure>\n\n\n\n<p><em>Fonte: <a href=\"https:\/\/www.climatempo.com.br\/\">Climatempo.com<\/a><\/em><\/p>\n","protected":false},"excerpt":{"rendered":"<p>A t\u00e3o aguardada virada para 2025 acontece na pr\u00f3xima ter\u00e7a-feira, 31 de dezembro, e milh\u00f5es de brasileiros est\u00e3o se preparando para celebrar. Saber como estar\u00e1 o tempo \u00e9 essencial para organizar as comemora\u00e7\u00f5es ao ar livre ou em ambientes fechados. Confira a previs\u00e3o detalhada por regi\u00e3o e as condi\u00e7\u00f5es esperadas durante o R\u00e9veillon: Regi\u00e3o Sul [&hellip;]<\/p>\n","protected":false},"author":2,"featured_media":32198,"comment_status":"open","ping_status":"open","sticky":false,"template":"","format":"standard","meta":{"footnotes":""},"categories":[7],"tags":[172],"class_list":["post-32197","post","type-post","status-publish","format-standard","has-post-thumbnail","hentry","category-geral","tag-featured"],"amp_enabled":true,"_links":{"self":[{"href":"https:\/\/radiostudiow.com.br\/site\/wp-json\/wp\/v2\/posts\/32197","targetHints":{"allow":["GET"]}}],"collection":[{"href":"https:\/\/radiostudiow.com.br\/site\/wp-json\/wp\/v2\/posts"}],"about":[{"href":"https:\/\/radiostudiow.com.br\/site\/wp-json\/wp\/v2\/types\/post"}],"author":[{"embeddable":true,"href":"https:\/\/radiostudiow.com.br\/site\/wp-json\/wp\/v2\/users\/2"}],"replies":[{"embeddable":true,"href":"https:\/\/radiostudiow.com.br\/site\/wp-json\/wp\/v2\/comments?post=32197"}],"version-history":[{"count":2,"href":"https:\/\/radiostudiow.com.br\/site\/wp-json\/wp\/v2\/posts\/32197\/revisions"}],"predecessor-version":[{"id":32203,"href":"https:\/\/radiostudiow.com.br\/site\/wp-json\/wp\/v2\/posts\/32197\/revisions\/32203"}],"wp:featuredmedia":[{"embeddable":true,"href":"https:\/\/radiostudiow.com.br\/site\/wp-json\/wp\/v2\/media\/32198"}],"wp:attachment":[{"href":"https:\/\/radiostudiow.com.br\/site\/wp-json\/wp\/v2\/media?parent=32197"}],"wp:term":[{"taxonomy":"category","embeddable":true,"href":"https:\/\/radiostudiow.com.br\/site\/wp-json\/wp\/v2\/categories?post=32197"},{"taxonomy":"post_tag","embeddable":true,"href":"https:\/\/radiostudiow.com.br\/site\/wp-json\/wp\/v2\/tags?post=32197"}],"curies":[{"name":"wp","href":"https:\/\/api.w.org\/{rel}","templated":true}]}}