{"id":32204,"date":"2024-12-28T11:01:08","date_gmt":"2024-12-28T14:01:08","guid":{"rendered":"https:\/\/radiostudiow.com.br\/site\/?p=32204"},"modified":"2025-01-31T14:58:02","modified_gmt":"2025-01-31T17:58:02","slug":"muita-diversao-no-torneio-de-truco-do-parque-dos-imigrantes-em-mallet","status":"publish","type":"post","link":"https:\/\/radiostudiow.com.br\/site\/2024\/12\/28\/muita-diversao-no-torneio-de-truco-do-parque-dos-imigrantes-em-mallet\/","title":{"rendered":"MUITA DIVERS\u00c3O NO TORNEIO DE TRUCO DO PARQUE DOS IMIGRANTES EM MALLET"},"content":{"rendered":"\n<p>Foi uma tarde de sexta-feira dia 27 de dezembro, regada de competi\u00e7\u00e3o, alegria e muito grito no 1\u00ba Torneio de Truco do Parque dos Imigrantes em Mallet.<\/p>\n\n\n\n<p><strong>Evento realizado pela Secretaria de Esportes da Prefeitura Municipal de Mallet contou com 10 duplas.<\/strong><\/p>\n\n\n\n<figure class=\"wp-block-image size-full\"><img loading=\"lazy\" decoding=\"async\" width=\"598\" height=\"204\" src=\"https:\/\/radiostudiow.com.br\/site\/wp-content\/uploads\/2024\/04\/image-12.png\" alt=\"\" class=\"wp-image-21187\" srcset=\"https:\/\/radiostudiow.com.br\/site\/wp-content\/uploads\/2024\/04\/image-12.png 598w, https:\/\/radiostudiow.com.br\/site\/wp-content\/uploads\/2024\/04\/image-12-300x102.png 300w\" sizes=\"auto, (max-width: 598px) 100vw, 598px\" \/><\/figure>\n\n\n\n<p>Por\u00e9m o n\u00famero de interessados em participar era bem maior mas os organizadores limitaram para o pessoal que habitualmente participam jogando truco nas mesas instaladas no Parque. &#8220;Esse foi um evento que j\u00e1 hav\u00edamos prometido para os sensores a maioria aposentada que se divertem no Parque dos Imigrantes jogando seu truco diariamente e assim a Secretaria de Esportes terminou suas atividades referentes ao ano e tamb\u00e9m da Gest\u00e3o 2021-2024&#8221;, comentou Wladyka Secret\u00e1rio de Esportes de Mallet.<\/p>\n\n\n\n<p>As duplas participantes foram as seguintes:<br>.\u00c9lio e Laurentino<br>.Floriano e Jos\u00e9<br>.Vilson Garbelotto e Ligeirinho<br>.Nicolau e Ricardo<br>.Edi e Fuma\u00e7a<br>.Jos\u00e9 Harmatiuk e Miguel<br>.Costin e Alfredo<br>.Mario e S\u00e9rgio Zaiats<br>.Kutianske e Miro<br>.Rolinski e Rivael<\/p>\n\n\n\n<figure class=\"wp-block-image size-large\"><img loading=\"lazy\" decoding=\"async\" width=\"1024\" height=\"576\" src=\"https:\/\/radiostudiow.com.br\/site\/wp-content\/uploads\/2024\/12\/e959b9d9-0dac-41da-8f58-0b60eda5d1d8-1024x576.jpeg\" alt=\"\" class=\"wp-image-32210\" srcset=\"https:\/\/radiostudiow.com.br\/site\/wp-content\/uploads\/2024\/12\/e959b9d9-0dac-41da-8f58-0b60eda5d1d8-1024x576.jpeg 1024w, https:\/\/radiostudiow.com.br\/site\/wp-content\/uploads\/2024\/12\/e959b9d9-0dac-41da-8f58-0b60eda5d1d8-300x169.jpeg 300w, https:\/\/radiostudiow.com.br\/site\/wp-content\/uploads\/2024\/12\/e959b9d9-0dac-41da-8f58-0b60eda5d1d8-768x432.jpeg 768w, https:\/\/radiostudiow.com.br\/site\/wp-content\/uploads\/2024\/12\/e959b9d9-0dac-41da-8f58-0b60eda5d1d8-1536x864.jpeg 1536w, https:\/\/radiostudiow.com.br\/site\/wp-content\/uploads\/2024\/12\/e959b9d9-0dac-41da-8f58-0b60eda5d1d8.jpeg 1599w\" sizes=\"auto, (max-width: 1024px) 100vw, 1024px\" \/><\/figure>\n\n\n\n<p>Disputado em dois grupos com 5 participantes, as duplas passaram pela classificat\u00f3ria, quartas e semifinais at\u00e9 as disputas de 1\u00ba e 3\u00ba lugar.<\/p>\n\n\n\n<p><strong>No final o resultado ficou o seguinte:<\/strong><\/p>\n\n\n\n<div class=\"wp-block-media-text is-stacked-on-mobile\"><figure class=\"wp-block-media-text__media\"><img loading=\"lazy\" decoding=\"async\" width=\"720\" height=\"892\" src=\"https:\/\/radiostudiow.com.br\/site\/wp-content\/uploads\/2024\/12\/675c5fc3-9d1d-4eae-89a4-27a74c409fb0.png\" alt=\"\" class=\"wp-image-32207 size-full\" srcset=\"https:\/\/radiostudiow.com.br\/site\/wp-content\/uploads\/2024\/12\/675c5fc3-9d1d-4eae-89a4-27a74c409fb0.png 720w, https:\/\/radiostudiow.com.br\/site\/wp-content\/uploads\/2024\/12\/675c5fc3-9d1d-4eae-89a4-27a74c409fb0-242x300.png 242w\" sizes=\"auto, (max-width: 720px) 100vw, 720px\" \/><\/figure><div class=\"wp-block-media-text__content\">\n<p>3\u2070 Lugar<br>\u00c9lio e Laurentino<\/p>\n<\/div><\/div>\n\n\n\n<div class=\"wp-block-media-text is-stacked-on-mobile\"><figure class=\"wp-block-media-text__media\"><img loading=\"lazy\" decoding=\"async\" width=\"580\" height=\"719\" src=\"https:\/\/radiostudiow.com.br\/site\/wp-content\/uploads\/2024\/12\/2cd52992-5a80-496e-be40-d117dcb63dc8.png\" alt=\"\" class=\"wp-image-32208 size-full\" srcset=\"https:\/\/radiostudiow.com.br\/site\/wp-content\/uploads\/2024\/12\/2cd52992-5a80-496e-be40-d117dcb63dc8.png 580w, https:\/\/radiostudiow.com.br\/site\/wp-content\/uploads\/2024\/12\/2cd52992-5a80-496e-be40-d117dcb63dc8-242x300.png 242w\" sizes=\"auto, (max-width: 580px) 100vw, 580px\" \/><\/figure><div class=\"wp-block-media-text__content\">\n<p>2\u00ba Lugar<br>Mario e S\u00e9rgio Zaiats<\/p>\n<\/div><\/div>\n\n\n\n<div class=\"wp-block-media-text is-stacked-on-mobile\"><figure class=\"wp-block-media-text__media\"><img loading=\"lazy\" decoding=\"async\" width=\"580\" height=\"719\" src=\"https:\/\/radiostudiow.com.br\/site\/wp-content\/uploads\/2024\/12\/237f2b81-da25-4679-b90a-3f96ce29164a.png\" alt=\"\" class=\"wp-image-32209 size-full\" srcset=\"https:\/\/radiostudiow.com.br\/site\/wp-content\/uploads\/2024\/12\/237f2b81-da25-4679-b90a-3f96ce29164a.png 580w, https:\/\/radiostudiow.com.br\/site\/wp-content\/uploads\/2024\/12\/237f2b81-da25-4679-b90a-3f96ce29164a-242x300.png 242w\" sizes=\"auto, (max-width: 580px) 100vw, 580px\" \/><\/figure><div class=\"wp-block-media-text__content\">\n<p>1\u00ba Lugar<br>Costin e Alfredo<\/p>\n<\/div><\/div>\n\n\n\n<p><\/p>\n\n\n\n<h2 class=\"wp-block-heading has-text-align-center\">Parab\u00e9ns \u00e0 todas as duplas e que venham mais disputas como essa.<\/h2>\n","protected":false},"excerpt":{"rendered":"<p>Foi uma tarde de sexta-feira dia 27 de dezembro, regada de competi\u00e7\u00e3o, alegria e muito grito no 1\u00ba Torneio de Truco do Parque dos Imigrantes em Mallet. Evento realizado pela Secretaria de Esportes da Prefeitura Municipal de Mallet contou com 10 duplas. Por\u00e9m o n\u00famero de interessados em participar era bem maior mas os organizadores [&hellip;]<\/p>\n","protected":false},"author":2,"featured_media":32205,"comment_status":"open","ping_status":"open","sticky":false,"template":"","format":"standard","meta":{"footnotes":""},"categories":[194,184],"tags":[172],"class_list":["post-32204","post","type-post","status-publish","format-standard","has-post-thumbnail","hentry","category-esporte","category-local","tag-featured"],"amp_enabled":true,"_links":{"self":[{"href":"https:\/\/radiostudiow.com.br\/site\/wp-json\/wp\/v2\/posts\/32204","targetHints":{"allow":["GET"]}}],"collection":[{"href":"https:\/\/radiostudiow.com.br\/site\/wp-json\/wp\/v2\/posts"}],"about":[{"href":"https:\/\/radiostudiow.com.br\/site\/wp-json\/wp\/v2\/types\/post"}],"author":[{"embeddable":true,"href":"https:\/\/radiostudiow.com.br\/site\/wp-json\/wp\/v2\/users\/2"}],"replies":[{"embeddable":true,"href":"https:\/\/radiostudiow.com.br\/site\/wp-json\/wp\/v2\/comments?post=32204"}],"version-history":[{"count":1,"href":"https:\/\/radiostudiow.com.br\/site\/wp-json\/wp\/v2\/posts\/32204\/revisions"}],"predecessor-version":[{"id":32211,"href":"https:\/\/radiostudiow.com.br\/site\/wp-json\/wp\/v2\/posts\/32204\/revisions\/32211"}],"wp:featuredmedia":[{"embeddable":true,"href":"https:\/\/radiostudiow.com.br\/site\/wp-json\/wp\/v2\/media\/32205"}],"wp:attachment":[{"href":"https:\/\/radiostudiow.com.br\/site\/wp-json\/wp\/v2\/media?parent=32204"}],"wp:term":[{"taxonomy":"category","embeddable":true,"href":"https:\/\/radiostudiow.com.br\/site\/wp-json\/wp\/v2\/categories?post=32204"},{"taxonomy":"post_tag","embeddable":true,"href":"https:\/\/radiostudiow.com.br\/site\/wp-json\/wp\/v2\/tags?post=32204"}],"curies":[{"name":"wp","href":"https:\/\/api.w.org\/{rel}","templated":true}]}}