{"id":32215,"date":"2024-12-28T12:40:16","date_gmt":"2024-12-28T15:40:16","guid":{"rendered":"https:\/\/radiostudiow.com.br\/site\/?p=32215"},"modified":"2025-01-31T14:58:02","modified_gmt":"2025-01-31T17:58:02","slug":"pm-de-paulo-frontin-cumpriu-mandado-de-prisao-judicial","status":"publish","type":"post","link":"https:\/\/radiostudiow.com.br\/site\/2024\/12\/28\/pm-de-paulo-frontin-cumpriu-mandado-de-prisao-judicial\/","title":{"rendered":"PM de Paulo Frontin cumpriu mandado de pris\u00e3o judicial"},"content":{"rendered":"\n<p>A equipe de Pol\u00edcia Militar de Paulo Frontin estava em patrulhamento pelo centro por volta das 21:17 horas dessa sexta-feira (27), quando avistou um homem em atitude suspeita em frente a uma resid\u00eancia.<\/p>\n\n\n\n<figure class=\"wp-block-image size-full\"><img loading=\"lazy\" decoding=\"async\" width=\"590\" height=\"204\" src=\"https:\/\/radiostudiow.com.br\/site\/wp-content\/uploads\/2024\/04\/image-27.png\" alt=\"\" class=\"wp-image-21280\" srcset=\"https:\/\/radiostudiow.com.br\/site\/wp-content\/uploads\/2024\/04\/image-27.png 590w, https:\/\/radiostudiow.com.br\/site\/wp-content\/uploads\/2024\/04\/image-27-300x104.png 300w\" sizes=\"auto, (max-width: 590px) 100vw, 590px\" \/><\/figure>\n\n\n\n<p>Ao realizar a abordagem, verificou-se que, ap\u00f3s consulta ao sistema interno, havia um mandado de pris\u00e3o em seu desfavor.<\/p>\n\n\n\n<p>Diante disso, lhe foi dada voz de pris\u00e3o e encaminhado ao Depen de Uni\u00e3o da Vit\u00f3ria para os procedimentos cab\u00edveis.<\/p>\n","protected":false},"excerpt":{"rendered":"<p>A equipe de Pol\u00edcia Militar de Paulo Frontin estava em patrulhamento pelo centro por volta das 21:17 horas dessa sexta-feira (27), quando avistou um homem em atitude suspeita em frente a uma resid\u00eancia. Ao realizar a abordagem, verificou-se que, ap\u00f3s consulta ao sistema interno, havia um mandado de pris\u00e3o em seu desfavor. Diante disso, lhe [&hellip;]<\/p>\n","protected":false},"author":2,"featured_media":32081,"comment_status":"open","ping_status":"open","sticky":false,"template":"","format":"standard","meta":{"footnotes":""},"categories":[2],"tags":[172],"class_list":["post-32215","post","type-post","status-publish","format-standard","has-post-thumbnail","hentry","category-policial","tag-featured"],"amp_enabled":true,"_links":{"self":[{"href":"https:\/\/radiostudiow.com.br\/site\/wp-json\/wp\/v2\/posts\/32215","targetHints":{"allow":["GET"]}}],"collection":[{"href":"https:\/\/radiostudiow.com.br\/site\/wp-json\/wp\/v2\/posts"}],"about":[{"href":"https:\/\/radiostudiow.com.br\/site\/wp-json\/wp\/v2\/types\/post"}],"author":[{"embeddable":true,"href":"https:\/\/radiostudiow.com.br\/site\/wp-json\/wp\/v2\/users\/2"}],"replies":[{"embeddable":true,"href":"https:\/\/radiostudiow.com.br\/site\/wp-json\/wp\/v2\/comments?post=32215"}],"version-history":[{"count":1,"href":"https:\/\/radiostudiow.com.br\/site\/wp-json\/wp\/v2\/posts\/32215\/revisions"}],"predecessor-version":[{"id":32216,"href":"https:\/\/radiostudiow.com.br\/site\/wp-json\/wp\/v2\/posts\/32215\/revisions\/32216"}],"wp:featuredmedia":[{"embeddable":true,"href":"https:\/\/radiostudiow.com.br\/site\/wp-json\/wp\/v2\/media\/32081"}],"wp:attachment":[{"href":"https:\/\/radiostudiow.com.br\/site\/wp-json\/wp\/v2\/media?parent=32215"}],"wp:term":[{"taxonomy":"category","embeddable":true,"href":"https:\/\/radiostudiow.com.br\/site\/wp-json\/wp\/v2\/categories?post=32215"},{"taxonomy":"post_tag","embeddable":true,"href":"https:\/\/radiostudiow.com.br\/site\/wp-json\/wp\/v2\/tags?post=32215"}],"curies":[{"name":"wp","href":"https:\/\/api.w.org\/{rel}","templated":true}]}}