{"id":32225,"date":"2024-12-30T09:55:24","date_gmt":"2024-12-30T12:55:24","guid":{"rendered":"https:\/\/radiostudiow.com.br\/site\/?p=32225"},"modified":"2025-01-31T14:58:02","modified_gmt":"2025-01-31T17:58:02","slug":"policia-militar-de-paulo-frontin-registra-caso-de-violencia-domestica","status":"publish","type":"post","link":"https:\/\/radiostudiow.com.br\/site\/2024\/12\/30\/policia-militar-de-paulo-frontin-registra-caso-de-violencia-domestica\/","title":{"rendered":"Pol\u00edcia Militar de Paulo Frontin registra caso de viol\u00eancia dom\u00e9stica"},"content":{"rendered":"\n<p>Uma mulher compareceu neste destacamento da Pol\u00edcia Militar de Paulo Frontin relatando um caso de les\u00e3o corporal &#8211; viol\u00eancia dom\u00e9stica e familiar na localidade de Linha Igua\u00e7u por volta das 14:51 horas desse s\u00e1bado (28).<\/p>\n\n\n\n<p>De acordo com a solicitante, seu pai estaria embriagado na resid\u00eancia, e que ap\u00f3s uma discuss\u00e3o teria lhe agredido, resultando em uma escoria\u00e7\u00e3o.<\/p>\n\n\n\n<figure class=\"wp-block-image size-full\"><img decoding=\"async\" src=\"https:\/\/radiostudiow.com.br\/site\/wp-content\/uploads\/2024\/12\/BISTRO.png\" alt=\"\" class=\"wp-image-31336\"\/><\/figure>\n\n\n\n<p>A equipe ent\u00e3o deslocou at\u00e9 o a resid\u00eancia, onde foi poss\u00edvel localizar o autor. Ao indagar o suspeito, passou a relatar que sofre agress\u00f5es f\u00edsicas e psicol\u00f3gicas de sua filha j\u00e1 a algum tempo.<\/p>\n\n\n\n<p>Diante dos relatos pelas partes, ambos foram encaminhados at\u00e9 a 4\u00aa SDP para aprecia\u00e7\u00e3o dos fatos pela pol\u00edcia judici\u00e1ria.<\/p>\n","protected":false},"excerpt":{"rendered":"<p>Uma mulher compareceu neste destacamento da Pol\u00edcia Militar de Paulo Frontin relatando um caso de les\u00e3o corporal &#8211; viol\u00eancia dom\u00e9stica e familiar na localidade de Linha Igua\u00e7u por volta das 14:51 horas desse s\u00e1bado (28). De acordo com a solicitante, seu pai estaria embriagado na resid\u00eancia, e que ap\u00f3s uma discuss\u00e3o teria lhe agredido, resultando [&hellip;]<\/p>\n","protected":false},"author":2,"featured_media":29740,"comment_status":"open","ping_status":"open","sticky":false,"template":"","format":"standard","meta":{"footnotes":""},"categories":[2],"tags":[172],"class_list":["post-32225","post","type-post","status-publish","format-standard","has-post-thumbnail","hentry","category-policial","tag-featured"],"amp_enabled":true,"_links":{"self":[{"href":"https:\/\/radiostudiow.com.br\/site\/wp-json\/wp\/v2\/posts\/32225","targetHints":{"allow":["GET"]}}],"collection":[{"href":"https:\/\/radiostudiow.com.br\/site\/wp-json\/wp\/v2\/posts"}],"about":[{"href":"https:\/\/radiostudiow.com.br\/site\/wp-json\/wp\/v2\/types\/post"}],"author":[{"embeddable":true,"href":"https:\/\/radiostudiow.com.br\/site\/wp-json\/wp\/v2\/users\/2"}],"replies":[{"embeddable":true,"href":"https:\/\/radiostudiow.com.br\/site\/wp-json\/wp\/v2\/comments?post=32225"}],"version-history":[{"count":1,"href":"https:\/\/radiostudiow.com.br\/site\/wp-json\/wp\/v2\/posts\/32225\/revisions"}],"predecessor-version":[{"id":32226,"href":"https:\/\/radiostudiow.com.br\/site\/wp-json\/wp\/v2\/posts\/32225\/revisions\/32226"}],"wp:featuredmedia":[{"embeddable":true,"href":"https:\/\/radiostudiow.com.br\/site\/wp-json\/wp\/v2\/media\/29740"}],"wp:attachment":[{"href":"https:\/\/radiostudiow.com.br\/site\/wp-json\/wp\/v2\/media?parent=32225"}],"wp:term":[{"taxonomy":"category","embeddable":true,"href":"https:\/\/radiostudiow.com.br\/site\/wp-json\/wp\/v2\/categories?post=32225"},{"taxonomy":"post_tag","embeddable":true,"href":"https:\/\/radiostudiow.com.br\/site\/wp-json\/wp\/v2\/tags?post=32225"}],"curies":[{"name":"wp","href":"https:\/\/api.w.org\/{rel}","templated":true}]}}