{"id":32233,"date":"2024-12-30T10:32:58","date_gmt":"2024-12-30T13:32:58","guid":{"rendered":"https:\/\/radiostudiow.com.br\/site\/?p=32233"},"modified":"2025-01-31T14:58:02","modified_gmt":"2025-01-31T17:58:02","slug":"carga-de-hdf-na-pista-deixa-transito-complicado-na-pr-170","status":"publish","type":"post","link":"https:\/\/radiostudiow.com.br\/site\/2024\/12\/30\/carga-de-hdf-na-pista-deixa-transito-complicado-na-pr-170\/","title":{"rendered":"Carga de HDF na pista deixa tr\u00e2nsito complicado na PR-170"},"content":{"rendered":"\n<p>Um acidente envolvendo uma carreta com placas de S\u00e3o Paulo carregada com placas de HDF na madrugada interrompeu o tr\u00e2nsito na PR-170, em Bituruna, na regi\u00e3o da Col\u00f4nia Jararaca.\u00a0O incidente ocorreu por volta da meia-noite, em uma \u00e1rea conhecida por suas curvas acentuadas.<\/p>\n\n\n\n<figure class=\"wp-block-image size-full\"><img loading=\"lazy\" decoding=\"async\" width=\"897\" height=\"204\" src=\"https:\/\/radiostudiow.com.br\/site\/wp-content\/uploads\/2024\/04\/image-15.png\" alt=\"\" class=\"wp-image-21199\" srcset=\"https:\/\/radiostudiow.com.br\/site\/wp-content\/uploads\/2024\/04\/image-15.png 897w, https:\/\/radiostudiow.com.br\/site\/wp-content\/uploads\/2024\/04\/image-15-300x68.png 300w, https:\/\/radiostudiow.com.br\/site\/wp-content\/uploads\/2024\/04\/image-15-768x175.png 768w\" sizes=\"auto, (max-width: 897px) 100vw, 897px\" \/><\/figure>\n\n\n\n<p>De acordo com informa\u00e7\u00f5es da Pol\u00edcia Rodovi\u00e1ria, o ve\u00edculo que transportava a carga perdeu o controle e acabou derrapando na pista, deixando as chapas de HDF espalhadas por grande parte da via.\u00a0Mesmo com a intensidade do acidente, felizmente, ningu\u00e9m ficou ferido.<\/p>\n\n\n\n<p>Apesar de o acidente ter ocorrido durante a madrugada, a carga continuou ocupando parte da pista at\u00e9 a manh\u00e3 de segunda-feira, dificultando o tr\u00e1fego na regi\u00e3o. Motoristas de carros pequenos estavam conseguindo passar pela estrada, mas tinham que trafegar cuidadosamente, pois estavam cruzando as chapas de HDF espalhadas pela pista.<\/p>\n\n\n\n<figure class=\"wp-block-image size-full\"><img loading=\"lazy\" decoding=\"async\" width=\"450\" height=\"600\" src=\"https:\/\/radiostudiow.com.br\/site\/wp-content\/uploads\/2024\/12\/image-138.png\" alt=\"\" class=\"wp-image-32235\" srcset=\"https:\/\/radiostudiow.com.br\/site\/wp-content\/uploads\/2024\/12\/image-138.png 450w, https:\/\/radiostudiow.com.br\/site\/wp-content\/uploads\/2024\/12\/image-138-225x300.png 225w\" sizes=\"auto, (max-width: 450px) 100vw, 450px\" \/><\/figure>\n","protected":false},"excerpt":{"rendered":"<p>Um acidente envolvendo uma carreta com placas de S\u00e3o Paulo carregada com placas de HDF na madrugada interrompeu o tr\u00e2nsito na PR-170, em Bituruna, na regi\u00e3o da Col\u00f4nia Jararaca.\u00a0O incidente ocorreu por volta da meia-noite, em uma \u00e1rea conhecida por suas curvas acentuadas. De acordo com informa\u00e7\u00f5es da Pol\u00edcia Rodovi\u00e1ria, o ve\u00edculo que transportava a [&hellip;]<\/p>\n","protected":false},"author":2,"featured_media":32234,"comment_status":"open","ping_status":"open","sticky":false,"template":"","format":"standard","meta":{"footnotes":""},"categories":[185],"tags":[172],"class_list":["post-32233","post","type-post","status-publish","format-standard","has-post-thumbnail","hentry","category-regional","tag-featured"],"amp_enabled":true,"_links":{"self":[{"href":"https:\/\/radiostudiow.com.br\/site\/wp-json\/wp\/v2\/posts\/32233","targetHints":{"allow":["GET"]}}],"collection":[{"href":"https:\/\/radiostudiow.com.br\/site\/wp-json\/wp\/v2\/posts"}],"about":[{"href":"https:\/\/radiostudiow.com.br\/site\/wp-json\/wp\/v2\/types\/post"}],"author":[{"embeddable":true,"href":"https:\/\/radiostudiow.com.br\/site\/wp-json\/wp\/v2\/users\/2"}],"replies":[{"embeddable":true,"href":"https:\/\/radiostudiow.com.br\/site\/wp-json\/wp\/v2\/comments?post=32233"}],"version-history":[{"count":1,"href":"https:\/\/radiostudiow.com.br\/site\/wp-json\/wp\/v2\/posts\/32233\/revisions"}],"predecessor-version":[{"id":32236,"href":"https:\/\/radiostudiow.com.br\/site\/wp-json\/wp\/v2\/posts\/32233\/revisions\/32236"}],"wp:featuredmedia":[{"embeddable":true,"href":"https:\/\/radiostudiow.com.br\/site\/wp-json\/wp\/v2\/media\/32234"}],"wp:attachment":[{"href":"https:\/\/radiostudiow.com.br\/site\/wp-json\/wp\/v2\/media?parent=32233"}],"wp:term":[{"taxonomy":"category","embeddable":true,"href":"https:\/\/radiostudiow.com.br\/site\/wp-json\/wp\/v2\/categories?post=32233"},{"taxonomy":"post_tag","embeddable":true,"href":"https:\/\/radiostudiow.com.br\/site\/wp-json\/wp\/v2\/tags?post=32233"}],"curies":[{"name":"wp","href":"https:\/\/api.w.org\/{rel}","templated":true}]}}