{"id":32242,"date":"2024-12-30T10:52:12","date_gmt":"2024-12-30T13:52:12","guid":{"rendered":"https:\/\/radiostudiow.com.br\/site\/?p=32242"},"modified":"2025-01-31T14:58:02","modified_gmt":"2025-01-31T17:58:02","slug":"arma-de-fogo-e-apreendida-apos-denuncia-de-roubo-em-sao-mateus-do-sul","status":"publish","type":"post","link":"https:\/\/radiostudiow.com.br\/site\/2024\/12\/30\/arma-de-fogo-e-apreendida-apos-denuncia-de-roubo-em-sao-mateus-do-sul\/","title":{"rendered":"Arma de fogo \u00e9 apreendida ap\u00f3s den\u00fancia de roubo em S\u00e3o Mateus do Sul"},"content":{"rendered":"\n<p>A Pol\u00edcia Militar foi acionada para atender a uma ocorr\u00eancia de roubo na \u00e1rea rural comunidade do Rio das Pedras por volta das 20:20 horas deste domingo (29).<\/p>\n\n\n\n<figure class=\"wp-block-image size-full\"><img loading=\"lazy\" decoding=\"async\" width=\"598\" height=\"204\" src=\"https:\/\/radiostudiow.com.br\/site\/wp-content\/uploads\/2024\/04\/image-39.png\" alt=\"\" class=\"wp-image-21311\" srcset=\"https:\/\/radiostudiow.com.br\/site\/wp-content\/uploads\/2024\/04\/image-39.png 598w, https:\/\/radiostudiow.com.br\/site\/wp-content\/uploads\/2024\/04\/image-39-300x102.png 300w\" sizes=\"auto, (max-width: 598px) 100vw, 598px\" \/><\/figure>\n\n\n\n<p>Durante o deslocamento, a equipe identificou e abordou um suspeito na regi\u00e3o da Vila Nova. No momento da abordagem, o indiv\u00edduo arremessou ao ch\u00e3o uma pistola que portava. Ao ser questionado, o suspeito afirmou que havia subtra\u00eddo a arma com o intuito de \u201cacertar uma conta\u201d.<\/p>\n\n\n\n<p>Diante da situa\u00e7\u00e3o, o homem foi detido e a arma apreendida. Ele foi encaminhado \u00e0 delegacia para os procedimentos legais, e o caso segue em investiga\u00e7\u00e3o para esclarecer as circunst\u00e2ncias e motiva\u00e7\u00e3o do roubo.<\/p>\n","protected":false},"excerpt":{"rendered":"<p>A Pol\u00edcia Militar foi acionada para atender a uma ocorr\u00eancia de roubo na \u00e1rea rural comunidade do Rio das Pedras por volta das 20:20 horas deste domingo (29). Durante o deslocamento, a equipe identificou e abordou um suspeito na regi\u00e3o da Vila Nova. No momento da abordagem, o indiv\u00edduo arremessou ao ch\u00e3o uma pistola que [&hellip;]<\/p>\n","protected":false},"author":2,"featured_media":32243,"comment_status":"open","ping_status":"open","sticky":false,"template":"","format":"standard","meta":{"footnotes":""},"categories":[2],"tags":[172],"class_list":["post-32242","post","type-post","status-publish","format-standard","has-post-thumbnail","hentry","category-policial","tag-featured"],"amp_enabled":true,"_links":{"self":[{"href":"https:\/\/radiostudiow.com.br\/site\/wp-json\/wp\/v2\/posts\/32242","targetHints":{"allow":["GET"]}}],"collection":[{"href":"https:\/\/radiostudiow.com.br\/site\/wp-json\/wp\/v2\/posts"}],"about":[{"href":"https:\/\/radiostudiow.com.br\/site\/wp-json\/wp\/v2\/types\/post"}],"author":[{"embeddable":true,"href":"https:\/\/radiostudiow.com.br\/site\/wp-json\/wp\/v2\/users\/2"}],"replies":[{"embeddable":true,"href":"https:\/\/radiostudiow.com.br\/site\/wp-json\/wp\/v2\/comments?post=32242"}],"version-history":[{"count":1,"href":"https:\/\/radiostudiow.com.br\/site\/wp-json\/wp\/v2\/posts\/32242\/revisions"}],"predecessor-version":[{"id":32244,"href":"https:\/\/radiostudiow.com.br\/site\/wp-json\/wp\/v2\/posts\/32242\/revisions\/32244"}],"wp:featuredmedia":[{"embeddable":true,"href":"https:\/\/radiostudiow.com.br\/site\/wp-json\/wp\/v2\/media\/32243"}],"wp:attachment":[{"href":"https:\/\/radiostudiow.com.br\/site\/wp-json\/wp\/v2\/media?parent=32242"}],"wp:term":[{"taxonomy":"category","embeddable":true,"href":"https:\/\/radiostudiow.com.br\/site\/wp-json\/wp\/v2\/categories?post=32242"},{"taxonomy":"post_tag","embeddable":true,"href":"https:\/\/radiostudiow.com.br\/site\/wp-json\/wp\/v2\/tags?post=32242"}],"curies":[{"name":"wp","href":"https:\/\/api.w.org\/{rel}","templated":true}]}}