{"id":32245,"date":"2024-12-30T10:56:10","date_gmt":"2024-12-30T13:56:10","guid":{"rendered":"https:\/\/radiostudiow.com.br\/site\/?p=32245"},"modified":"2025-01-31T14:58:02","modified_gmt":"2025-01-31T17:58:02","slug":"homem-alega-perseguicao-alienigena-e-destroi-decoracao-de-natal-em-bituruna","status":"publish","type":"post","link":"https:\/\/radiostudiow.com.br\/site\/2024\/12\/30\/homem-alega-perseguicao-alienigena-e-destroi-decoracao-de-natal-em-bituruna\/","title":{"rendered":"Homem alega persegui\u00e7\u00e3o alien\u00edgena e destr\u00f3i decora\u00e7\u00e3o de Natal em Bituruna"},"content":{"rendered":"\n<p>Um homem foi detido no centro de Bituruna ap\u00f3s danificar enfeites natalinos em frente \u00e0 C\u00e2mara de Vereadores por volta das 17:34 horas deste domingo (29).<\/p>\n\n\n\n<p>Segundo relato de um casal que abordou uma equipe policial durante patrulhamento, o suspeito estava utilizando um peda\u00e7o de madeira para destruir os adere\u00e7os decorativos.\u00a0Ao chegarem ao local, os policiais identificaram o homem e utilizaram t\u00e9cnicas de abordagem para imobiliz\u00e1-lo.<\/p>\n\n\n\n<figure class=\"wp-block-image size-full\"><img loading=\"lazy\" decoding=\"async\" width=\"897\" height=\"204\" src=\"https:\/\/radiostudiow.com.br\/site\/wp-content\/uploads\/2024\/04\/image-51.png\" alt=\"\" class=\"wp-image-21370\" srcset=\"https:\/\/radiostudiow.com.br\/site\/wp-content\/uploads\/2024\/04\/image-51.png 897w, https:\/\/radiostudiow.com.br\/site\/wp-content\/uploads\/2024\/04\/image-51-300x68.png 300w, https:\/\/radiostudiow.com.br\/site\/wp-content\/uploads\/2024\/04\/image-51-768x175.png 768w\" sizes=\"auto, (max-width: 897px) 100vw, 897px\" \/><\/figure>\n\n\n\n<p>Entre os danos causados, o suspeito destruiu uma r\u00e9plica de um<strong>&nbsp;\u201cSoldado de Chumbo\u201d<\/strong>&nbsp;com cerca de 1,60 metro de altura, parte da decora\u00e7\u00e3o natalina montada para as festividades de fim de ano.<\/p>\n\n\n\n<p>Quando questionado sobre o motivo de suas a\u00e7\u00f5es, o homem declarou que estava \u201csendo perseguido por uma espa\u00e7onave alien\u00edgena\u201c.<\/p>\n\n\n\n<p>Ap\u00f3s a conten\u00e7\u00e3o, ele foi conduzido ao pelot\u00e3o policial, onde foi lavrado um termo circunstanciado.<\/p>\n","protected":false},"excerpt":{"rendered":"<p>Um homem foi detido no centro de Bituruna ap\u00f3s danificar enfeites natalinos em frente \u00e0 C\u00e2mara de Vereadores por volta das 17:34 horas deste domingo (29). Segundo relato de um casal que abordou uma equipe policial durante patrulhamento, o suspeito estava utilizando um peda\u00e7o de madeira para destruir os adere\u00e7os decorativos.\u00a0Ao chegarem ao local, os [&hellip;]<\/p>\n","protected":false},"author":2,"featured_media":32246,"comment_status":"open","ping_status":"open","sticky":false,"template":"","format":"standard","meta":{"footnotes":""},"categories":[2],"tags":[172],"class_list":["post-32245","post","type-post","status-publish","format-standard","has-post-thumbnail","hentry","category-policial","tag-featured"],"amp_enabled":true,"_links":{"self":[{"href":"https:\/\/radiostudiow.com.br\/site\/wp-json\/wp\/v2\/posts\/32245","targetHints":{"allow":["GET"]}}],"collection":[{"href":"https:\/\/radiostudiow.com.br\/site\/wp-json\/wp\/v2\/posts"}],"about":[{"href":"https:\/\/radiostudiow.com.br\/site\/wp-json\/wp\/v2\/types\/post"}],"author":[{"embeddable":true,"href":"https:\/\/radiostudiow.com.br\/site\/wp-json\/wp\/v2\/users\/2"}],"replies":[{"embeddable":true,"href":"https:\/\/radiostudiow.com.br\/site\/wp-json\/wp\/v2\/comments?post=32245"}],"version-history":[{"count":1,"href":"https:\/\/radiostudiow.com.br\/site\/wp-json\/wp\/v2\/posts\/32245\/revisions"}],"predecessor-version":[{"id":32247,"href":"https:\/\/radiostudiow.com.br\/site\/wp-json\/wp\/v2\/posts\/32245\/revisions\/32247"}],"wp:featuredmedia":[{"embeddable":true,"href":"https:\/\/radiostudiow.com.br\/site\/wp-json\/wp\/v2\/media\/32246"}],"wp:attachment":[{"href":"https:\/\/radiostudiow.com.br\/site\/wp-json\/wp\/v2\/media?parent=32245"}],"wp:term":[{"taxonomy":"category","embeddable":true,"href":"https:\/\/radiostudiow.com.br\/site\/wp-json\/wp\/v2\/categories?post=32245"},{"taxonomy":"post_tag","embeddable":true,"href":"https:\/\/radiostudiow.com.br\/site\/wp-json\/wp\/v2\/tags?post=32245"}],"curies":[{"name":"wp","href":"https:\/\/api.w.org\/{rel}","templated":true}]}}