{"id":32248,"date":"2024-12-30T11:02:58","date_gmt":"2024-12-30T14:02:58","guid":{"rendered":"https:\/\/radiostudiow.com.br\/site\/?p=32248"},"modified":"2025-01-31T14:58:02","modified_gmt":"2025-01-31T17:58:02","slug":"corpo-de-bebe-e-encontrado-em-sacola-por-catadores-de-reciclaveis-em-campo-largo","status":"publish","type":"post","link":"https:\/\/radiostudiow.com.br\/site\/2024\/12\/30\/corpo-de-bebe-e-encontrado-em-sacola-por-catadores-de-reciclaveis-em-campo-largo\/","title":{"rendered":"Corpo de beb\u00ea \u00e9 encontrado em sacola por catadores de recicl\u00e1veis em Campo Largo"},"content":{"rendered":"\n<p>O corpo de um beb\u00ea de cinco meses foi encontrado em uma sacola por dois catadores de recicl\u00e1veis na madrugada deste s\u00e1bado (28), em Campo Largo, Regi\u00e3o Metropolitana de Curitiba (RMC).<\/p>\n\n\n\n<p>Os dois homens andavam pela Avenida das Torres, no bairro Jardim Rivabem, quando verificaram uma sacola largada no meio do mato.<\/p>\n\n\n\n<figure class=\"wp-block-image size-full\"><img loading=\"lazy\" decoding=\"async\" width=\"897\" height=\"204\" src=\"https:\/\/radiostudiow.com.br\/site\/wp-content\/uploads\/2024\/12\/SEPAC.png\" alt=\"\" class=\"wp-image-32250\" srcset=\"https:\/\/radiostudiow.com.br\/site\/wp-content\/uploads\/2024\/12\/SEPAC.png 897w, https:\/\/radiostudiow.com.br\/site\/wp-content\/uploads\/2024\/12\/SEPAC-300x68.png 300w, https:\/\/radiostudiow.com.br\/site\/wp-content\/uploads\/2024\/12\/SEPAC-768x175.png 768w\" sizes=\"auto, (max-width: 897px) 100vw, 897px\" \/><\/figure>\n\n\n\n<p>Os catadores de recicl\u00e1veis decidiram checar o embrulho, na esperan\u00e7a de encontrar dinheiro, mas quando abriram a sacola, o corpo do beb\u00ea caiu no ch\u00e3o.<\/p>\n\n\n\n<p><em>\u201cA gente passou pela frente. Eu e meu cunhado a gente viu a bolsa. Quando a gente abriu a gente viu a cabe\u00e7a. Quando chacoalhamos a bolsa, caiu o corpo do beb\u00ea no ch\u00e3o. A\u00ed chamamos a pol\u00edcia. Quem n\u00e3o ficaria assustado? Eu como pai fiquei arrebentado, nunca imaginei ver uma coisa dessas\u201d, explicou um dos catadores.<\/em><\/p>\n\n\n\n<p>A Guarda Municipal foi acionada e identificou que o corpo era de um beb\u00ea do sexo masculino, embora, at\u00e9 o fechamento dessa mat\u00e9ria, n\u00e3o h\u00e1 informa\u00e7\u00f5es sobre a identidade da v\u00edtima.<\/p>\n\n\n\n<figure class=\"wp-block-image size-full\"><img decoding=\"async\" src=\"https:\/\/radiostudiow.com.br\/site\/wp-content\/uploads\/2024\/04\/image-45.png\" alt=\"\" class=\"wp-image-21394\"\/><\/figure>\n\n\n\n<p><em>\u201cAt\u00e9 na hora que eu virei a bolsa ali, da\u00ed eu realmente vi que era um corpinho, eu j\u00e1 n\u00e3o sabia nem o que fazer. J\u00e1 sa\u00ed gritando para os vizinhos, pedindo para chamar a pol\u00edcia, gritando socorro, que tinha uma crian\u00e7a morta ali. Depois, no final ali, do encaminhamento deles ali, que da\u00ed eu fui saber que era um menininho\u201d, contou o outro catador.<\/em><\/p>\n\n\n\n<p>O corpo do beb\u00ea foi encaminhado para o Instituto M\u00e9dico Legal (IML) de Campo Largo e a Pol\u00edcia Civil do Paran\u00e1 (PCPR) ser\u00e1 respons\u00e1vel pela investiga\u00e7\u00e3o do caso.<\/p>\n\n\n\n<p><strong><em>Com informa\u00e7\u00f5es RIC e Portal RDX<\/em><\/strong><\/p>\n","protected":false},"excerpt":{"rendered":"<p>O corpo de um beb\u00ea de cinco meses foi encontrado em uma sacola por dois catadores de recicl\u00e1veis na madrugada deste s\u00e1bado (28), em Campo Largo, Regi\u00e3o Metropolitana de Curitiba (RMC). Os dois homens andavam pela Avenida das Torres, no bairro Jardim Rivabem, quando verificaram uma sacola largada no meio do mato. Os catadores de [&hellip;]<\/p>\n","protected":false},"author":2,"featured_media":32249,"comment_status":"open","ping_status":"open","sticky":false,"template":"","format":"standard","meta":{"footnotes":""},"categories":[2],"tags":[172],"class_list":["post-32248","post","type-post","status-publish","format-standard","has-post-thumbnail","hentry","category-policial","tag-featured"],"amp_enabled":true,"_links":{"self":[{"href":"https:\/\/radiostudiow.com.br\/site\/wp-json\/wp\/v2\/posts\/32248","targetHints":{"allow":["GET"]}}],"collection":[{"href":"https:\/\/radiostudiow.com.br\/site\/wp-json\/wp\/v2\/posts"}],"about":[{"href":"https:\/\/radiostudiow.com.br\/site\/wp-json\/wp\/v2\/types\/post"}],"author":[{"embeddable":true,"href":"https:\/\/radiostudiow.com.br\/site\/wp-json\/wp\/v2\/users\/2"}],"replies":[{"embeddable":true,"href":"https:\/\/radiostudiow.com.br\/site\/wp-json\/wp\/v2\/comments?post=32248"}],"version-history":[{"count":1,"href":"https:\/\/radiostudiow.com.br\/site\/wp-json\/wp\/v2\/posts\/32248\/revisions"}],"predecessor-version":[{"id":32251,"href":"https:\/\/radiostudiow.com.br\/site\/wp-json\/wp\/v2\/posts\/32248\/revisions\/32251"}],"wp:featuredmedia":[{"embeddable":true,"href":"https:\/\/radiostudiow.com.br\/site\/wp-json\/wp\/v2\/media\/32249"}],"wp:attachment":[{"href":"https:\/\/radiostudiow.com.br\/site\/wp-json\/wp\/v2\/media?parent=32248"}],"wp:term":[{"taxonomy":"category","embeddable":true,"href":"https:\/\/radiostudiow.com.br\/site\/wp-json\/wp\/v2\/categories?post=32248"},{"taxonomy":"post_tag","embeddable":true,"href":"https:\/\/radiostudiow.com.br\/site\/wp-json\/wp\/v2\/tags?post=32248"}],"curies":[{"name":"wp","href":"https:\/\/api.w.org\/{rel}","templated":true}]}}