{"id":32252,"date":"2024-12-30T12:06:29","date_gmt":"2024-12-30T15:06:29","guid":{"rendered":"https:\/\/radiostudiow.com.br\/site\/?p=32252"},"modified":"2025-01-31T14:58:02","modified_gmt":"2025-01-31T17:58:02","slug":"pm-registra-furto-em-resiencia-no-bairro-jardim-emilia","status":"publish","type":"post","link":"https:\/\/radiostudiow.com.br\/site\/2024\/12\/30\/pm-registra-furto-em-resiencia-no-bairro-jardim-emilia\/","title":{"rendered":"PM registra furto em resi\u00eancia no bairro Jardim Em\u00edlia"},"content":{"rendered":"\n<p>A equipe da Pol\u00edcia Militar de Mallet foi acionada para se deslocar at\u00e9 uma resid\u00eancia no bairro Jardim Em\u00edlia para atender uma situa\u00e7\u00e3o de furto qualificado por volta das 23:58 horas desse domingo (29).<\/p>\n\n\n\n<p>No local, os policiais entraram em contato com a v\u00edtima, a qual relatou que estava viajando e ao retornar percebeu que a janela dos fundos estava sem o vidro.<\/p>\n\n\n\n<figure class=\"wp-block-image size-full\"><img loading=\"lazy\" decoding=\"async\" width=\"897\" height=\"204\" src=\"https:\/\/radiostudiow.com.br\/site\/wp-content\/uploads\/2024\/04\/image-18.png\" alt=\"\" class=\"wp-image-21207\" srcset=\"https:\/\/radiostudiow.com.br\/site\/wp-content\/uploads\/2024\/04\/image-18.png 897w, https:\/\/radiostudiow.com.br\/site\/wp-content\/uploads\/2024\/04\/image-18-300x68.png 300w, https:\/\/radiostudiow.com.br\/site\/wp-content\/uploads\/2024\/04\/image-18-768x175.png 768w\" sizes=\"auto, (max-width: 897px) 100vw, 897px\" \/><\/figure>\n\n\n\n<p>A v\u00edtima afirmou que viu os poss\u00edveis autores fugindo, pulando o muro dos fundos da resid\u00eancia e percebeu que uma lumin\u00e1ria no formato da letra \u201cG\u201d havia sumido.<\/p>\n\n\n\n<p>Os policiais realizaram patrulhamento pelas redondezas, mas nenhum suspeito localizado. A solicitante foi orientada quanto aos procedimentos cab\u00edveis.<\/p>\n","protected":false},"excerpt":{"rendered":"<p>A equipe da Pol\u00edcia Militar de Mallet foi acionada para se deslocar at\u00e9 uma resid\u00eancia no bairro Jardim Em\u00edlia para atender uma situa\u00e7\u00e3o de furto qualificado por volta das 23:58 horas desse domingo (29). No local, os policiais entraram em contato com a v\u00edtima, a qual relatou que estava viajando e ao retornar percebeu que [&hellip;]<\/p>\n","protected":false},"author":2,"featured_media":32255,"comment_status":"open","ping_status":"open","sticky":false,"template":"","format":"standard","meta":{"footnotes":""},"categories":[2],"tags":[172],"class_list":["post-32252","post","type-post","status-publish","format-standard","has-post-thumbnail","hentry","category-policial","tag-featured"],"amp_enabled":true,"_links":{"self":[{"href":"https:\/\/radiostudiow.com.br\/site\/wp-json\/wp\/v2\/posts\/32252","targetHints":{"allow":["GET"]}}],"collection":[{"href":"https:\/\/radiostudiow.com.br\/site\/wp-json\/wp\/v2\/posts"}],"about":[{"href":"https:\/\/radiostudiow.com.br\/site\/wp-json\/wp\/v2\/types\/post"}],"author":[{"embeddable":true,"href":"https:\/\/radiostudiow.com.br\/site\/wp-json\/wp\/v2\/users\/2"}],"replies":[{"embeddable":true,"href":"https:\/\/radiostudiow.com.br\/site\/wp-json\/wp\/v2\/comments?post=32252"}],"version-history":[{"count":3,"href":"https:\/\/radiostudiow.com.br\/site\/wp-json\/wp\/v2\/posts\/32252\/revisions"}],"predecessor-version":[{"id":32256,"href":"https:\/\/radiostudiow.com.br\/site\/wp-json\/wp\/v2\/posts\/32252\/revisions\/32256"}],"wp:featuredmedia":[{"embeddable":true,"href":"https:\/\/radiostudiow.com.br\/site\/wp-json\/wp\/v2\/media\/32255"}],"wp:attachment":[{"href":"https:\/\/radiostudiow.com.br\/site\/wp-json\/wp\/v2\/media?parent=32252"}],"wp:term":[{"taxonomy":"category","embeddable":true,"href":"https:\/\/radiostudiow.com.br\/site\/wp-json\/wp\/v2\/categories?post=32252"},{"taxonomy":"post_tag","embeddable":true,"href":"https:\/\/radiostudiow.com.br\/site\/wp-json\/wp\/v2\/tags?post=32252"}],"curies":[{"name":"wp","href":"https:\/\/api.w.org\/{rel}","templated":true}]}}