{"id":32263,"date":"2024-12-30T17:14:46","date_gmt":"2024-12-30T20:14:46","guid":{"rendered":"https:\/\/radiostudiow.com.br\/site\/?p=32263"},"modified":"2025-01-31T14:58:02","modified_gmt":"2025-01-31T17:58:02","slug":"samu-bate-recorde-de-atendimentos-e-siate-tem-renovacao-historica-na-frota","status":"publish","type":"post","link":"https:\/\/radiostudiow.com.br\/site\/2024\/12\/30\/samu-bate-recorde-de-atendimentos-e-siate-tem-renovacao-historica-na-frota\/","title":{"rendered":"Samu bate recorde de atendimentos e Siate tem renova\u00e7\u00e3o hist\u00f3rica na frota"},"content":{"rendered":"\n<p>Foram mais de 1 milh\u00e3o de atendimentos feitos pelo Servi\u00e7o de Atendimento M\u00f3vel de Urg\u00eancia de janeiro a novembro &#8211; maior n\u00famero da hist\u00f3ria para um per\u00edodo de 11 meses. J\u00e1 o Servi\u00e7o Integrado de Atendimento ao Trauma em Emerg\u00eancia recebeu 60 novas ambul\u00e2ncias, um investimento de R$ 29 milh\u00f5es.<\/p>\n\n\n\n<p>O Servi\u00e7o de Atendimento M\u00f3vel de Urg\u00eancia (Samu) do Paran\u00e1 registrou o maior n\u00famero de atendimentos em apenas 11 meses na sua hist\u00f3ria. De janeiro a novembro de 2024 foram realizadas 1.110.817 de atendimentos, superando o ano anterior, que no mesmo per\u00edodo contava com 1.084.285.<\/p>\n\n\n\n<figure class=\"wp-block-image size-full\"><img loading=\"lazy\" decoding=\"async\" width=\"598\" height=\"204\" src=\"https:\/\/radiostudiow.com.br\/site\/wp-content\/uploads\/2024\/10\/labirati.png\" alt=\"\" class=\"wp-image-28854\" srcset=\"https:\/\/radiostudiow.com.br\/site\/wp-content\/uploads\/2024\/10\/labirati.png 598w, https:\/\/radiostudiow.com.br\/site\/wp-content\/uploads\/2024\/10\/labirati-300x102.png 300w\" sizes=\"auto, (max-width: 598px) 100vw, 598px\" \/><\/figure>\n\n\n\n<p>Desde 2022, o Samu cobre 100% do territ\u00f3rio paranaense, operando por meio de 12 centrais, 282 ambul\u00e2ncias e seis aeronaves.<\/p>\n\n\n\n<p>Segundo o secret\u00e1rio estadual da Sa\u00fade, Beto Preto, o fortalecimento da rede de urg\u00eancia \u00e9 reflexo de uma pol\u00edtica p\u00fablica consistente e planejada. \u201cCom investimentos estrat\u00e9gicos, conseguimos ampliar o alcance e a qualidade do Samu em todas as regi\u00f5es do Paran\u00e1. Essa rede salva vidas diariamente e \u00e9 um pilar do sistema de sa\u00fade do Estado\u201d, afirmou.&nbsp;<\/p>\n\n\n\n<p>Um dos destaques do ano foi o uso do medicamento tenecteplase, aplicado em casos de infarto agudo do mioc\u00e1rdio no Atendimento Pr\u00e9-Hospitalar (APH). Desde 2020, o Paran\u00e1 \u00e9 o \u00fanico estado do Brasil a utilizar o trombol\u00edtico antes da hospitaliza\u00e7\u00e3o, um protocolo que j\u00e1 beneficiou mais de mil pacientes. Neste ano, o medicamento, aliado a capacita\u00e7\u00f5es regionais, contribuiu para um aumento nos diagn\u00f3sticos e interna\u00e7\u00f5es por infarto, com 429 aplica\u00e7\u00f5es, resultando em uma redu\u00e7\u00e3o de 15% nos \u00f3bitos pela doen\u00e7a. Em 2023 foram 334 aplica\u00e7\u00f5es.<\/p>\n\n\n\n<figure class=\"wp-block-image size-full\"><img decoding=\"async\" src=\"https:\/\/radiostudiow.com.br\/site\/wp-content\/uploads\/2024\/04\/image-45.png\" alt=\"\" class=\"wp-image-21394\"\/><\/figure>\n\n\n\n<p>Cada ampola do medicamento custa R$ 7.320,00 e \u00e9 disponibilizada em 59 ambul\u00e2ncias de suporte avan\u00e7ado do Samu e em seis aeronaves que atendem urg\u00eancia no Estado. O medicamento desobstrui a art\u00e9ria bloqueada, restabelecendo o fluxo sangu\u00edneo e reduzindo os danos ao m\u00fasculo card\u00edaco.<\/p>\n\n\n\n<p>Ele alivia a dor no peito e a falta de ar, diminuindo o risco de complica\u00e7\u00f5es como insufici\u00eancia card\u00edaca, arritmias e at\u00e9 mesmo \u00f3bito. Ap\u00f3s a administra\u00e7\u00e3o, o paciente geralmente apresenta um quadro estabilizado, o que garante melhores condi\u00e7\u00f5es cl\u00ednicas at\u00e9 a chegada ao hospital.<\/p>\n\n\n\n<figure class=\"wp-block-image size-full\"><img loading=\"lazy\" decoding=\"async\" width=\"1000\" height=\"666\" src=\"https:\/\/radiostudiow.com.br\/site\/wp-content\/uploads\/2024\/12\/image-143.png\" alt=\"\" class=\"wp-image-32268\" srcset=\"https:\/\/radiostudiow.com.br\/site\/wp-content\/uploads\/2024\/12\/image-143.png 1000w, https:\/\/radiostudiow.com.br\/site\/wp-content\/uploads\/2024\/12\/image-143-300x200.png 300w, https:\/\/radiostudiow.com.br\/site\/wp-content\/uploads\/2024\/12\/image-143-768x511.png 768w\" sizes=\"auto, (max-width: 1000px) 100vw, 1000px\" \/><\/figure>\n\n\n\n<p><strong>SIATE&nbsp;<\/strong>\u2013&nbsp;Com um investimento de R$ 29 milh\u00f5es, o Estado realizou a maior renova\u00e7\u00e3o da frota de ambul\u00e2ncias j\u00e1 registrada na hist\u00f3ria do Corpo de Bombeiros do Paran\u00e1. Foram entregues 60 ve\u00edculos, que agora integram a estrutura do Siate (Servi\u00e7o Integrado de Atendimento ao Trauma em Emerg\u00eancia). Mais espa\u00e7o para v\u00edtimas e socorristas, equipamentos mais modernos e uma comunica\u00e7\u00e3o mais eficiente com os hospitais est\u00e3o entre as caracter\u00edsticas que tornam a&nbsp;<a href=\"https:\/\/www.aen.pr.gov.br\/Noticia\/Ambulancias-mais-modernas-do-Brasil-garantem-padrao-de-qualidade-do-Siate-no-Parana\" rel=\"noreferrer noopener\" target=\"_blank\"><strong>nova frota de ambul\u00e2ncias do Siate do Paran\u00e1 a mais moderna do Brasil.&nbsp;<\/strong><\/a><\/p>\n\n\n\n<p>Um dos grandes destaques dos novos modelos \u00e9 a capacidade de transportar, simultaneamente, at\u00e9 duas v\u00edtimas em condi\u00e7\u00f5es ideais de suporte, com macas e aparelhos de oxig\u00eanio individuais. Essa caracter\u00edstica \u00e9 essencial para a rotina do Siate, onde o tempo de atendimento \u00e9 crucial para aumentar as chances de sobreviv\u00eancia e reduzir poss\u00edveis sequelas causadas por acidentes.<\/p>\n\n\n\n<p>&#8220;O Corpo de Bombeiros presta um servi\u00e7o singular \u00e0 sociedade e essa renova\u00e7\u00e3o era necess\u00e1ria. O Estado do Paran\u00e1 tem se transformado em um modelo de refer\u00eancia para o salvamento de vidas e isso somente \u00e9 poss\u00edvel gra\u00e7as \u00e0 pol\u00edtica municipalista do Governo do Estado. A determina\u00e7\u00e3o do governador Ratinho Junior \u00e9 levar o atendimento aos 399 munic\u00edpios de maneira igualit\u00e1ria&#8221;, complementa Beto Preto.<\/p>\n\n\n\n<figure class=\"wp-block-gallery has-nested-images columns-default is-cropped wp-block-gallery-1 is-layout-flex wp-block-gallery-is-layout-flex\">\n<figure class=\"wp-block-image size-large\"><img loading=\"lazy\" decoding=\"async\" width=\"1000\" height=\"667\" data-id=\"32267\" src=\"https:\/\/radiostudiow.com.br\/site\/wp-content\/uploads\/2024\/12\/image-142.png\" alt=\"\" class=\"wp-image-32267\" srcset=\"https:\/\/radiostudiow.com.br\/site\/wp-content\/uploads\/2024\/12\/image-142.png 1000w, https:\/\/radiostudiow.com.br\/site\/wp-content\/uploads\/2024\/12\/image-142-300x200.png 300w, https:\/\/radiostudiow.com.br\/site\/wp-content\/uploads\/2024\/12\/image-142-768x512.png 768w\" sizes=\"auto, (max-width: 1000px) 100vw, 1000px\" \/><\/figure>\n\n\n\n<figure class=\"wp-block-image size-large\"><img loading=\"lazy\" decoding=\"async\" width=\"1000\" height=\"667\" data-id=\"32266\" src=\"https:\/\/radiostudiow.com.br\/site\/wp-content\/uploads\/2024\/12\/image-141.png\" alt=\"\" class=\"wp-image-32266\" srcset=\"https:\/\/radiostudiow.com.br\/site\/wp-content\/uploads\/2024\/12\/image-141.png 1000w, https:\/\/radiostudiow.com.br\/site\/wp-content\/uploads\/2024\/12\/image-141-300x200.png 300w, https:\/\/radiostudiow.com.br\/site\/wp-content\/uploads\/2024\/12\/image-141-768x512.png 768w\" sizes=\"auto, (max-width: 1000px) 100vw, 1000px\" \/><\/figure>\n<\/figure>\n\n\n\n<p><strong>AEROM\u00c9DICO&nbsp;<\/strong>\u2013&nbsp;O atendimento aerom\u00e9dico tamb\u00e9m contribuiu para o salvamento de vidas em 2024. Com 3.075 opera\u00e7\u00f5es registradas at\u00e9 novembro, o servi\u00e7o se consolidou como refer\u00eancia nacional, sendo operado por helic\u00f3pteros e aeronaves alocadas estrategicamente para atender a demandas de urg\u00eancia em todo o Estado.&nbsp;<\/p>\n\n\n\n<p>Atualmente, todo o Paran\u00e1 \u00e9 coberto por cinco bases aerom\u00e9dicas, que atuam de forma coordenada e complementar. Em Curitiba ficam alocados dois helic\u00f3pteros, um da Pol\u00edcia Rodovi\u00e1ria Federal (PRF) e um do Batalh\u00e3o de Pol\u00edcia Militar de Opera\u00e7\u00f5es A\u00e9reas do Paran\u00e1 (BPMOA), al\u00e9m de um avi\u00e3o da Sesa. Cascavel, Londrina, Maring\u00e1 e Ponta Grossa contam com um helic\u00f3ptero cada, contratados pela Sesa junto \u00e0 empresa Helisul, via licita\u00e7\u00e3o.<\/p>\n\n\n\n<p><strong><em>\u201cN\u00e3o se trata apenas de quantidade, mas da qualidade do servi\u00e7o prestado. Os investimentos na sa\u00fade p\u00fablica, especialmente em urg\u00eancia e emerg\u00eancia, t\u00eam um impacto direto na preserva\u00e7\u00e3o de vidas e na redu\u00e7\u00e3o de sequelas em pacientes atendidos pelo sistema\u201d, ressalta o secret\u00e1rio da Sa\u00fade.<\/em><\/strong><\/p>\n","protected":false},"excerpt":{"rendered":"<p>Foram mais de 1 milh\u00e3o de atendimentos feitos pelo Servi\u00e7o de Atendimento M\u00f3vel de Urg\u00eancia de janeiro a novembro &#8211; maior n\u00famero da hist\u00f3ria para um per\u00edodo de 11 meses. J\u00e1 o Servi\u00e7o Integrado de Atendimento ao Trauma em Emerg\u00eancia recebeu 60 novas ambul\u00e2ncias, um investimento de R$ 29 milh\u00f5es. O Servi\u00e7o de Atendimento M\u00f3vel [&hellip;]<\/p>\n","protected":false},"author":2,"featured_media":32265,"comment_status":"open","ping_status":"open","sticky":false,"template":"","format":"standard","meta":{"footnotes":""},"categories":[7],"tags":[172],"class_list":["post-32263","post","type-post","status-publish","format-standard","has-post-thumbnail","hentry","category-geral","tag-featured"],"amp_enabled":true,"_links":{"self":[{"href":"https:\/\/radiostudiow.com.br\/site\/wp-json\/wp\/v2\/posts\/32263","targetHints":{"allow":["GET"]}}],"collection":[{"href":"https:\/\/radiostudiow.com.br\/site\/wp-json\/wp\/v2\/posts"}],"about":[{"href":"https:\/\/radiostudiow.com.br\/site\/wp-json\/wp\/v2\/types\/post"}],"author":[{"embeddable":true,"href":"https:\/\/radiostudiow.com.br\/site\/wp-json\/wp\/v2\/users\/2"}],"replies":[{"embeddable":true,"href":"https:\/\/radiostudiow.com.br\/site\/wp-json\/wp\/v2\/comments?post=32263"}],"version-history":[{"count":1,"href":"https:\/\/radiostudiow.com.br\/site\/wp-json\/wp\/v2\/posts\/32263\/revisions"}],"predecessor-version":[{"id":32269,"href":"https:\/\/radiostudiow.com.br\/site\/wp-json\/wp\/v2\/posts\/32263\/revisions\/32269"}],"wp:featuredmedia":[{"embeddable":true,"href":"https:\/\/radiostudiow.com.br\/site\/wp-json\/wp\/v2\/media\/32265"}],"wp:attachment":[{"href":"https:\/\/radiostudiow.com.br\/site\/wp-json\/wp\/v2\/media?parent=32263"}],"wp:term":[{"taxonomy":"category","embeddable":true,"href":"https:\/\/radiostudiow.com.br\/site\/wp-json\/wp\/v2\/categories?post=32263"},{"taxonomy":"post_tag","embeddable":true,"href":"https:\/\/radiostudiow.com.br\/site\/wp-json\/wp\/v2\/tags?post=32263"}],"curies":[{"name":"wp","href":"https:\/\/api.w.org\/{rel}","templated":true}]}}