{"id":32270,"date":"2024-12-30T17:18:36","date_gmt":"2024-12-30T20:18:36","guid":{"rendered":"https:\/\/radiostudiow.com.br\/site\/?p=32270"},"modified":"2025-01-31T14:58:02","modified_gmt":"2025-01-31T17:58:02","slug":"pcpr-na-comunidade-cresce-44-e-fortalece-vinculos-com-a-populacao-em-72-cidades","status":"publish","type":"post","link":"https:\/\/radiostudiow.com.br\/site\/2024\/12\/30\/pcpr-na-comunidade-cresce-44-e-fortalece-vinculos-com-a-populacao-em-72-cidades\/","title":{"rendered":"PCPR na Comunidade cresce 44% e fortalece v\u00ednculos com a popula\u00e7\u00e3o em 72 cidades"},"content":{"rendered":"\n<p>Levando os servi\u00e7os a quem mais precisa, a Pol\u00edcia Civil do Paran\u00e1 (PCPR) promoveu 150 edi\u00e7\u00f5es do programa PCPR na Comunidade em 2024, abrangendo 72 munic\u00edpios paranaenses. Ao todo, mais de 142 mil pessoas foram impactadas pelas a\u00e7\u00f5es, um aumento de 93% no n\u00famero de atendidos em rela\u00e7\u00e3o a 2023. O crescimento tamb\u00e9m se refletiu no n\u00famero de edi\u00e7\u00f5es, que teve alta de 44%, saltando de 111 eventos em 2023 para 160 neste ano.<\/p>\n\n\n\n<figure class=\"wp-block-image size-full\"><img loading=\"lazy\" decoding=\"async\" width=\"598\" height=\"204\" src=\"https:\/\/radiostudiow.com.br\/site\/wp-content\/uploads\/2024\/12\/image-95.png\" alt=\"\" class=\"wp-image-31919\" srcset=\"https:\/\/radiostudiow.com.br\/site\/wp-content\/uploads\/2024\/12\/image-95.png 598w, https:\/\/radiostudiow.com.br\/site\/wp-content\/uploads\/2024\/12\/image-95-300x102.png 300w\" sizes=\"auto, (max-width: 598px) 100vw, 598px\" \/><\/figure>\n\n\n\n<p>O PCPR na Comunidade foi pensado como uma forma de promover direitos e cidadania \u00e0 popula\u00e7\u00e3o paranaense. Por isso, desde sua cria\u00e7\u00e3o, em 2022, o programa disponibiliza a confec\u00e7\u00e3o da Carteira Nacional de Identidade (CIN), que \u00e9 um dos servi\u00e7os mais procurados. Em 2024, foram emitidos mais de 42,8 mil documentos durante as edi\u00e7\u00f5es do programa, um aumento de 62% em rela\u00e7\u00e3o ao ano anterior, quando cerca de 26 mil foram confeccionados.<\/p>\n\n\n\n<p>Al\u00e9m disso, o programa promoveu 226 palestras ministradas por delegados e agentes de pol\u00edcia judici\u00e1ria em escolas, faculdades, associa\u00e7\u00f5es, hospitais e empresas. As palestras abordaram temas como viol\u00eancia dom\u00e9stica, bullying, preven\u00e7\u00e3o contra golpes e combate \u00e0 explora\u00e7\u00e3o sexual infantil, ampliando o alcance educativo e preventivo da institui\u00e7\u00e3o.<\/p>\n\n\n\n<figure class=\"wp-block-image size-full\"><img decoding=\"async\" src=\"https:\/\/radiostudiow.com.br\/site\/wp-content\/uploads\/2024\/12\/BISTRO.png\" alt=\"\" class=\"wp-image-31336\"\/><\/figure>\n\n\n\n<p><strong><em>\u201cO PCPR na Comunidade tem transformado a rela\u00e7\u00e3o entre a Pol\u00edcia Civil e a sociedade, promovendo cidadania, confian\u00e7a e acesso a servi\u00e7os essenciais\u201d, destaca o delegado-geral Silvio Jacob Rockembach. \u201cAo levar atendimento humanizado para mais de 142 mil pessoas em todo o Estado, estamos n\u00e3o apenas cumprindo nossa miss\u00e3o, mas tamb\u00e9m fortalecendo os la\u00e7os com a popula\u00e7\u00e3o e contribuindo diretamente para a constru\u00e7\u00e3o de comunidades mais seguras e conscientes\u201d.<\/em><\/strong><\/p>\n\n\n\n<p>Durante os eventos, a popula\u00e7\u00e3o tem acesso facilitado a servi\u00e7os essenciais de pol\u00edcia judici\u00e1ria, como o registro de boletins de ocorr\u00eancia e a emiss\u00e3o de atestados de antecedentes criminais. Com a presen\u00e7a dos pr\u00f3prios policiais civis, o atendimento ganha um car\u00e1ter mais pessoal, oferecendo orienta\u00e7\u00f5es diretas e estreitando o contato entre a institui\u00e7\u00e3o e os cidad\u00e3os, incluindo adultos e crian\u00e7as.<\/p>\n\n\n\n<figure class=\"wp-block-image size-full\"><img loading=\"lazy\" decoding=\"async\" width=\"1000\" height=\"667\" src=\"https:\/\/radiostudiow.com.br\/site\/wp-content\/uploads\/2024\/12\/image-146.png\" alt=\"\" class=\"wp-image-32273\" srcset=\"https:\/\/radiostudiow.com.br\/site\/wp-content\/uploads\/2024\/12\/image-146.png 1000w, https:\/\/radiostudiow.com.br\/site\/wp-content\/uploads\/2024\/12\/image-146-300x200.png 300w, https:\/\/radiostudiow.com.br\/site\/wp-content\/uploads\/2024\/12\/image-146-768x512.png 768w\" sizes=\"auto, (max-width: 1000px) 100vw, 1000px\" \/><\/figure>\n\n\n\n<p><em><strong>&#8220;O crescimento do programa em 2024 \u00e9 resultado de um esfor\u00e7o coletivo da Pol\u00edcia Civil do Paran\u00e1. O PCPR na Comunidade refor\u00e7a nosso compromisso em oferecer um atendimento humanizado e eficiente a popula\u00e7\u00e3o. S\u00e3o levados servi\u00e7os essenciais e promovida cidadania em cada munic\u00edpio atendido\u201d, ressalta Jo\u00e3o M\u00e1rio Goes, coordenador do programa.<\/strong><\/em><\/p>\n\n\n\n<p>Mario Henrique da Silva participou de um dos eventos do programa e ressaltou que a intera\u00e7\u00e3o entre a institui\u00e7\u00e3o e a comunidade fortalece os la\u00e7os. <em><strong>&#8220;Acho muito boa a participa\u00e7\u00e3o da Pol\u00edcia Civil em eventos sociais, especialmente na intera\u00e7\u00e3o com as crian\u00e7as e na demonstra\u00e7\u00e3o do trabalho que realizam. Mostrar essa proximidade com a comunidade \u00e9 muito importante, desmistificando a vis\u00e3o estigmatizada das for\u00e7as de seguran\u00e7a e aproximando a popula\u00e7\u00e3o dos servi\u00e7os oferecidos&#8221;, afirma.<\/strong><\/em><\/p>\n\n\n\n<figure class=\"wp-block-image size-full\"><img loading=\"lazy\" decoding=\"async\" width=\"1000\" height=\"667\" src=\"https:\/\/radiostudiow.com.br\/site\/wp-content\/uploads\/2024\/12\/image-144.png\" alt=\"\" class=\"wp-image-32271\" srcset=\"https:\/\/radiostudiow.com.br\/site\/wp-content\/uploads\/2024\/12\/image-144.png 1000w, https:\/\/radiostudiow.com.br\/site\/wp-content\/uploads\/2024\/12\/image-144-300x200.png 300w, https:\/\/radiostudiow.com.br\/site\/wp-content\/uploads\/2024\/12\/image-144-768x512.png 768w\" sizes=\"auto, (max-width: 1000px) 100vw, 1000px\" \/><\/figure>\n\n\n\n<p><strong>FORMA DID\u00c1TICA<\/strong>\u00a0\u2013\u00a0Uma das inova\u00e7\u00f5es s\u00e3o as atividades l\u00fadicas para as crian\u00e7as. Por meio de jogos, brincadeiras e oficinas, as crian\u00e7as aprendem de forma envolvente sobre temas como preven\u00e7\u00e3o ao uso de drogas, combate ao bullying e respeito \u00e0s leis. Essas a\u00e7\u00f5es educativas n\u00e3o s\u00f3 conscientizam, mas tamb\u00e9m criam um ambiente acolhedor, promovendo o fortalecimento dos v\u00ednculos entre as gera\u00e7\u00f5es mais jovens e a seguran\u00e7a p\u00fablica.<\/p>\n\n\n\n<p>Al\u00e9m disso, o p\u00fablico tem a oportunidade de conhecer o trabalho da pol\u00edcia, com demonstra\u00e7\u00f5es de per\u00edcia papilosc\u00f3pica. Este processo, que utiliza impress\u00f5es digitais para identificar pessoas, \u00e9 apresentado de forma did\u00e1tica, mostrando a import\u00e2ncia dessa \u00e1rea na resolu\u00e7\u00e3o de crimes. Outras exposi\u00e7\u00f5es, como de materiais t\u00e1ticos, b\u00e9licos e viaturas, tamb\u00e9m s\u00e3o realizadas, proporcionando maior transpar\u00eancia sobre o funcionamento da pol\u00edcia e ampliando o entendimento da popula\u00e7\u00e3o sobre o combate ao crime.<\/p>\n\n\n\n<figure class=\"wp-block-image size-full\"><img loading=\"lazy\" decoding=\"async\" width=\"1000\" height=\"667\" src=\"https:\/\/radiostudiow.com.br\/site\/wp-content\/uploads\/2024\/12\/image-145.png\" alt=\"\" class=\"wp-image-32272\" srcset=\"https:\/\/radiostudiow.com.br\/site\/wp-content\/uploads\/2024\/12\/image-145.png 1000w, https:\/\/radiostudiow.com.br\/site\/wp-content\/uploads\/2024\/12\/image-145-300x200.png 300w, https:\/\/radiostudiow.com.br\/site\/wp-content\/uploads\/2024\/12\/image-145-768x512.png 768w\" sizes=\"auto, (max-width: 1000px) 100vw, 1000px\" \/><\/figure>\n\n\n\n<p>O programa adapta as a\u00e7\u00f5es de acordo com as demandas espec\u00edficas de cada regi\u00e3o. Nas ilhas do Litoral, por exemplo, as carteiras de identidades confeccionadas s\u00e3o entregues diretamente aos moradores, evitando o deslocamento at\u00e9 o continente. Essa estrat\u00e9gia personalizada refor\u00e7a o compromisso da Pol\u00edcia Civil em oferecer servi\u00e7os de maneira eficiente e acess\u00edvel.<\/p>\n\n\n\n<p>O PCPR na Comunidade foi criado como parte do Plano Estrat\u00e9gico da institui\u00e7\u00e3o, implantado em 2019. A iniciativa reflete os objetivos da gest\u00e3o atual, que busca aproximar a Pol\u00edcia Civil da sociedade e promover a\u00e7\u00f5es que funcionem como uma ponte para assegurar os direitos dos cidad\u00e3os paranaenses.<\/p>\n\n\n\n<figure class=\"wp-block-image size-full\"><img loading=\"lazy\" decoding=\"async\" width=\"1000\" height=\"667\" src=\"https:\/\/radiostudiow.com.br\/site\/wp-content\/uploads\/2024\/12\/image-147.png\" alt=\"\" class=\"wp-image-32274\" srcset=\"https:\/\/radiostudiow.com.br\/site\/wp-content\/uploads\/2024\/12\/image-147.png 1000w, https:\/\/radiostudiow.com.br\/site\/wp-content\/uploads\/2024\/12\/image-147-300x200.png 300w, https:\/\/radiostudiow.com.br\/site\/wp-content\/uploads\/2024\/12\/image-147-768x512.png 768w\" sizes=\"auto, (max-width: 1000px) 100vw, 1000px\" \/><\/figure>\n","protected":false},"excerpt":{"rendered":"<p>Levando os servi\u00e7os a quem mais precisa, a Pol\u00edcia Civil do Paran\u00e1 (PCPR) promoveu 150 edi\u00e7\u00f5es do programa PCPR na Comunidade em 2024, abrangendo 72 munic\u00edpios paranaenses. Ao todo, mais de 142 mil pessoas foram impactadas pelas a\u00e7\u00f5es, um aumento de 93% no n\u00famero de atendidos em rela\u00e7\u00e3o a 2023. O crescimento tamb\u00e9m se refletiu [&hellip;]<\/p>\n","protected":false},"author":2,"featured_media":32275,"comment_status":"open","ping_status":"open","sticky":false,"template":"","format":"standard","meta":{"footnotes":""},"categories":[7],"tags":[172],"class_list":["post-32270","post","type-post","status-publish","format-standard","has-post-thumbnail","hentry","category-geral","tag-featured"],"amp_enabled":true,"_links":{"self":[{"href":"https:\/\/radiostudiow.com.br\/site\/wp-json\/wp\/v2\/posts\/32270","targetHints":{"allow":["GET"]}}],"collection":[{"href":"https:\/\/radiostudiow.com.br\/site\/wp-json\/wp\/v2\/posts"}],"about":[{"href":"https:\/\/radiostudiow.com.br\/site\/wp-json\/wp\/v2\/types\/post"}],"author":[{"embeddable":true,"href":"https:\/\/radiostudiow.com.br\/site\/wp-json\/wp\/v2\/users\/2"}],"replies":[{"embeddable":true,"href":"https:\/\/radiostudiow.com.br\/site\/wp-json\/wp\/v2\/comments?post=32270"}],"version-history":[{"count":1,"href":"https:\/\/radiostudiow.com.br\/site\/wp-json\/wp\/v2\/posts\/32270\/revisions"}],"predecessor-version":[{"id":32276,"href":"https:\/\/radiostudiow.com.br\/site\/wp-json\/wp\/v2\/posts\/32270\/revisions\/32276"}],"wp:featuredmedia":[{"embeddable":true,"href":"https:\/\/radiostudiow.com.br\/site\/wp-json\/wp\/v2\/media\/32275"}],"wp:attachment":[{"href":"https:\/\/radiostudiow.com.br\/site\/wp-json\/wp\/v2\/media?parent=32270"}],"wp:term":[{"taxonomy":"category","embeddable":true,"href":"https:\/\/radiostudiow.com.br\/site\/wp-json\/wp\/v2\/categories?post=32270"},{"taxonomy":"post_tag","embeddable":true,"href":"https:\/\/radiostudiow.com.br\/site\/wp-json\/wp\/v2\/tags?post=32270"}],"curies":[{"name":"wp","href":"https:\/\/api.w.org\/{rel}","templated":true}]}}