{"id":32277,"date":"2024-12-30T17:32:35","date_gmt":"2024-12-30T20:32:35","guid":{"rendered":"https:\/\/radiostudiow.com.br\/site\/?p=32277"},"modified":"2025-01-31T14:58:02","modified_gmt":"2025-01-31T17:58:02","slug":"homem-foi-encontrado-morto-em-uniao-da-vitoria","status":"publish","type":"post","link":"https:\/\/radiostudiow.com.br\/site\/2024\/12\/30\/homem-foi-encontrado-morto-em-uniao-da-vitoria\/","title":{"rendered":"Homem foi encontrado morto em Uni\u00e3o da Vit\u00f3ria"},"content":{"rendered":"\n<p>Um homem foi encontrado sem vida na regi\u00e3o do bairro Jo\u00e3o Paulo II, em Uni\u00e3o da Vit\u00f3ria, na manh\u00e3 de segunda-feira (30).<\/p>\n\n\n\n<figure class=\"wp-block-image size-full\"><img loading=\"lazy\" decoding=\"async\" width=\"590\" height=\"204\" src=\"https:\/\/radiostudiow.com.br\/site\/wp-content\/uploads\/2024\/04\/image-27.png\" alt=\"\" class=\"wp-image-21280\" srcset=\"https:\/\/radiostudiow.com.br\/site\/wp-content\/uploads\/2024\/04\/image-27.png 590w, https:\/\/radiostudiow.com.br\/site\/wp-content\/uploads\/2024\/04\/image-27-300x104.png 300w\" sizes=\"auto, (max-width: 590px) 100vw, 590px\" \/><\/figure>\n\n\n\n<p>Segundo informa\u00e7\u00f5es, o homem, residente do bairro, teria ca\u00eddo de um barranco pr\u00f3ximo \u00e0 subesta\u00e7\u00e3o da COPEL, \u00e0s margens da rodovia BR-153, sendo encontrado em uma vala. O corpo foi localizado por um morador, que imediatamente acionou as autoridades.<\/p>\n\n\n\n<p>Relatos indicam que ele havia sido visto, no \u00faltimo final de semana, deitado no topo do barranco. A Pol\u00edcia Militar e a Pol\u00edcia Civil est\u00e3o investigando o caso, e o Instituto M\u00e9dico Legal (IML) tamb\u00e9m foi acionado.<\/p>\n","protected":false},"excerpt":{"rendered":"<p>Um homem foi encontrado sem vida na regi\u00e3o do bairro Jo\u00e3o Paulo II, em Uni\u00e3o da Vit\u00f3ria, na manh\u00e3 de segunda-feira (30). Segundo informa\u00e7\u00f5es, o homem, residente do bairro, teria ca\u00eddo de um barranco pr\u00f3ximo \u00e0 subesta\u00e7\u00e3o da COPEL, \u00e0s margens da rodovia BR-153, sendo encontrado em uma vala. O corpo foi localizado por um [&hellip;]<\/p>\n","protected":false},"author":2,"featured_media":22493,"comment_status":"open","ping_status":"open","sticky":false,"template":"","format":"standard","meta":{"footnotes":""},"categories":[185],"tags":[172],"class_list":["post-32277","post","type-post","status-publish","format-standard","has-post-thumbnail","hentry","category-regional","tag-featured"],"amp_enabled":true,"_links":{"self":[{"href":"https:\/\/radiostudiow.com.br\/site\/wp-json\/wp\/v2\/posts\/32277","targetHints":{"allow":["GET"]}}],"collection":[{"href":"https:\/\/radiostudiow.com.br\/site\/wp-json\/wp\/v2\/posts"}],"about":[{"href":"https:\/\/radiostudiow.com.br\/site\/wp-json\/wp\/v2\/types\/post"}],"author":[{"embeddable":true,"href":"https:\/\/radiostudiow.com.br\/site\/wp-json\/wp\/v2\/users\/2"}],"replies":[{"embeddable":true,"href":"https:\/\/radiostudiow.com.br\/site\/wp-json\/wp\/v2\/comments?post=32277"}],"version-history":[{"count":3,"href":"https:\/\/radiostudiow.com.br\/site\/wp-json\/wp\/v2\/posts\/32277\/revisions"}],"predecessor-version":[{"id":32281,"href":"https:\/\/radiostudiow.com.br\/site\/wp-json\/wp\/v2\/posts\/32277\/revisions\/32281"}],"wp:featuredmedia":[{"embeddable":true,"href":"https:\/\/radiostudiow.com.br\/site\/wp-json\/wp\/v2\/media\/22493"}],"wp:attachment":[{"href":"https:\/\/radiostudiow.com.br\/site\/wp-json\/wp\/v2\/media?parent=32277"}],"wp:term":[{"taxonomy":"category","embeddable":true,"href":"https:\/\/radiostudiow.com.br\/site\/wp-json\/wp\/v2\/categories?post=32277"},{"taxonomy":"post_tag","embeddable":true,"href":"https:\/\/radiostudiow.com.br\/site\/wp-json\/wp\/v2\/tags?post=32277"}],"curies":[{"name":"wp","href":"https:\/\/api.w.org\/{rel}","templated":true}]}}