{"id":32286,"date":"2024-12-30T18:54:00","date_gmt":"2024-12-30T21:54:00","guid":{"rendered":"https:\/\/radiostudiow.com.br\/site\/?p=32286"},"modified":"2025-01-31T14:58:02","modified_gmt":"2025-01-31T17:58:02","slug":"homem-e-preso-suspeito-de-atear-fogo-no-rosto-da-companheira-em-rio-azul","status":"publish","type":"post","link":"https:\/\/radiostudiow.com.br\/site\/2024\/12\/30\/homem-e-preso-suspeito-de-atear-fogo-no-rosto-da-companheira-em-rio-azul\/","title":{"rendered":"Homem \u00e9 preso suspeito de atear fogo no rosto da companheira em Rio Azul"},"content":{"rendered":"\n<p>A equipe da Pol\u00edcia Militar de Rio Azul foi acionada para atender uma ocorr\u00eancia de viol\u00eancia dom\u00e9stica na Vila Feliz, por volta das 20:50 horas desse s\u00e1bado (28). De acordo com o relato da v\u00edtima, seu convivente teria ateado fogo em seu rosto.<\/p>\n\n\n\n<p>A mulher recebeu atendimento m\u00e9dico imediato devido \u00e0 gravidade do ocorrido. Apesar do impacto do ataque, seu estado de sa\u00fade n\u00e3o foi detalhado pela autoridade policial.<\/p>\n\n\n\n<figure class=\"wp-block-image size-large\"><img decoding=\"async\" src=\"https:\/\/radiostudiow.com.br\/site\/wp-content\/uploads\/2024\/12\/unnamed-file-1024x379.png\" alt=\"\" class=\"wp-image-32295\"\/><figcaption class=\"wp-element-caption\">AFUBRA IRATI: \ud83d\udcde(42) 3421-1700 \ud83d\udccd Rua Coronel Emilio Gomes, 399, Centro &#8211; Irati &#8211; PR<br>AFUBRA IMBITUVA: \ud83d\udcde(42) 3436-84003 \ud83d\udccd RUA Jacobe Brener, 830 &#8211; Centro, Imbituva &#8211; PR<br>https:\/\/www.lojasafubra.com.br<\/figcaption><\/figure>\n\n\n\n<p>Segundo o boletim de ocorr\u00eancia, o autor do crime foi preso em flagrante e encaminhado \u00e0 Delegacia de Pol\u00edcia Civil de Irati. L\u00e1, foram adotadas as medidas cab\u00edveis.<\/p>\n\n\n\n<p>A Pol\u00edcia Civil deve aprofundar as apura\u00e7\u00f5es para compreender as den\u00fancias do ato, enquanto o agressor pode responder criminalmente pela viol\u00eancia praticada.<\/p>\n\n\n\n<p><a target=\"_blank\" href=\"https:\/\/api.whatsapp.com\/send?text=Homem%20%C3%A9%20preso%20suspeito%20de%20atear%20fogo%20no%20rosto%20da%20companheira%20em%20Rio%20Azul%20-%20https:\/\/www.alvoradanoar.com.br\/noticia\/683996\" rel=\"noreferrer noopener\"><\/a><a href=\"https:\/\/api.whatsapp.com\/send?text=Homem%20%C3%A9%20preso%20suspeito%20de%20atear%20fogo%20no%20rosto%20da%20companheira%20em%20Rio%20Azul%20-%20https:\/\/www.alvoradanoar.com.br\/noticia\/683996\" target=\"_blank\" rel=\"noreferrer noopener\"><\/a><\/p>\n","protected":false},"excerpt":{"rendered":"<p>A equipe da Pol\u00edcia Militar de Rio Azul foi acionada para atender uma ocorr\u00eancia de viol\u00eancia dom\u00e9stica na Vila Feliz, por volta das 20:50 horas desse s\u00e1bado (28). De acordo com o relato da v\u00edtima, seu convivente teria ateado fogo em seu rosto. A mulher recebeu atendimento m\u00e9dico imediato devido \u00e0 gravidade do ocorrido. Apesar [&hellip;]<\/p>\n","protected":false},"author":2,"featured_media":25552,"comment_status":"open","ping_status":"open","sticky":false,"template":"","format":"standard","meta":{"footnotes":""},"categories":[2],"tags":[172],"class_list":["post-32286","post","type-post","status-publish","format-standard","has-post-thumbnail","hentry","category-policial","tag-featured"],"amp_enabled":true,"_links":{"self":[{"href":"https:\/\/radiostudiow.com.br\/site\/wp-json\/wp\/v2\/posts\/32286","targetHints":{"allow":["GET"]}}],"collection":[{"href":"https:\/\/radiostudiow.com.br\/site\/wp-json\/wp\/v2\/posts"}],"about":[{"href":"https:\/\/radiostudiow.com.br\/site\/wp-json\/wp\/v2\/types\/post"}],"author":[{"embeddable":true,"href":"https:\/\/radiostudiow.com.br\/site\/wp-json\/wp\/v2\/users\/2"}],"replies":[{"embeddable":true,"href":"https:\/\/radiostudiow.com.br\/site\/wp-json\/wp\/v2\/comments?post=32286"}],"version-history":[{"count":4,"href":"https:\/\/radiostudiow.com.br\/site\/wp-json\/wp\/v2\/posts\/32286\/revisions"}],"predecessor-version":[{"id":32301,"href":"https:\/\/radiostudiow.com.br\/site\/wp-json\/wp\/v2\/posts\/32286\/revisions\/32301"}],"wp:featuredmedia":[{"embeddable":true,"href":"https:\/\/radiostudiow.com.br\/site\/wp-json\/wp\/v2\/media\/25552"}],"wp:attachment":[{"href":"https:\/\/radiostudiow.com.br\/site\/wp-json\/wp\/v2\/media?parent=32286"}],"wp:term":[{"taxonomy":"category","embeddable":true,"href":"https:\/\/radiostudiow.com.br\/site\/wp-json\/wp\/v2\/categories?post=32286"},{"taxonomy":"post_tag","embeddable":true,"href":"https:\/\/radiostudiow.com.br\/site\/wp-json\/wp\/v2\/tags?post=32286"}],"curies":[{"name":"wp","href":"https:\/\/api.w.org\/{rel}","templated":true}]}}