{"id":32303,"date":"2024-12-31T09:26:46","date_gmt":"2024-12-31T12:26:46","guid":{"rendered":"https:\/\/radiostudiow.com.br\/site\/?p=32303"},"modified":"2025-01-31T14:58:02","modified_gmt":"2025-01-31T17:58:02","slug":"motorista-fica-ferido-em-tombamento-na-pr-151-em-palmeira","status":"publish","type":"post","link":"https:\/\/radiostudiow.com.br\/site\/2024\/12\/31\/motorista-fica-ferido-em-tombamento-na-pr-151-em-palmeira\/","title":{"rendered":"Motorista fica ferido em tombamento na PR-151 em Palmeira"},"content":{"rendered":"\n<p>Na tarde desta segunda-feira (30), um caminh\u00e3o Mercedes-Benz branco tombou na PR-151, na localidade da Serrinha, em Palmeira. O acidente ocorreu por volta das 16h30, em um trecho conhecido por suas curvas perigosas.<\/p>\n\n\n\n<figure class=\"wp-block-image size-large\"><img decoding=\"async\" src=\"https:\/\/radiostudiow.com.br\/site\/wp-content\/uploads\/2024\/12\/unnamed-file-1024x379.png\" alt=\"\" class=\"wp-image-32295\"\/><\/figure>\n\n\n\n<p>O motorista, de 42 anos, sofreu ferimentos graves e foi prontamente atendido pelo Corpo de Bombeiros. Ele foi encaminhado ao pronto atendimento m\u00e9dico hospitalar de Palmeira para receber os cuidados <a><\/a>necess\u00e1rios.<\/p>\n\n\n\n<p>Este \u00e9 o segundo acidente registrado na mesma regi\u00e3o em poucos dias, ressaltando os riscos do trecho e a import\u00e2ncia de maior aten\u00e7\u00e3o por parte dos condutores. As causas do tombamento ainda est\u00e3o sendo apuradas pelas autoridades competentes.<\/p>\n\n\n\n<figure class=\"wp-block-image size-full\"><img loading=\"lazy\" decoding=\"async\" width=\"721\" height=\"407\" src=\"https:\/\/radiostudiow.com.br\/site\/wp-content\/uploads\/2024\/12\/image-151.png\" alt=\"\" class=\"wp-image-32305\" srcset=\"https:\/\/radiostudiow.com.br\/site\/wp-content\/uploads\/2024\/12\/image-151.png 721w, https:\/\/radiostudiow.com.br\/site\/wp-content\/uploads\/2024\/12\/image-151-300x169.png 300w\" sizes=\"auto, (max-width: 721px) 100vw, 721px\" \/><\/figure>\n","protected":false},"excerpt":{"rendered":"<p>Na tarde desta segunda-feira (30), um caminh\u00e3o Mercedes-Benz branco tombou na PR-151, na localidade da Serrinha, em Palmeira. O acidente ocorreu por volta das 16h30, em um trecho conhecido por suas curvas perigosas. O motorista, de 42 anos, sofreu ferimentos graves e foi prontamente atendido pelo Corpo de Bombeiros. Ele foi encaminhado ao pronto atendimento [&hellip;]<\/p>\n","protected":false},"author":2,"featured_media":32304,"comment_status":"open","ping_status":"open","sticky":false,"template":"","format":"standard","meta":{"footnotes":""},"categories":[185],"tags":[172],"class_list":["post-32303","post","type-post","status-publish","format-standard","has-post-thumbnail","hentry","category-regional","tag-featured"],"amp_enabled":true,"_links":{"self":[{"href":"https:\/\/radiostudiow.com.br\/site\/wp-json\/wp\/v2\/posts\/32303","targetHints":{"allow":["GET"]}}],"collection":[{"href":"https:\/\/radiostudiow.com.br\/site\/wp-json\/wp\/v2\/posts"}],"about":[{"href":"https:\/\/radiostudiow.com.br\/site\/wp-json\/wp\/v2\/types\/post"}],"author":[{"embeddable":true,"href":"https:\/\/radiostudiow.com.br\/site\/wp-json\/wp\/v2\/users\/2"}],"replies":[{"embeddable":true,"href":"https:\/\/radiostudiow.com.br\/site\/wp-json\/wp\/v2\/comments?post=32303"}],"version-history":[{"count":1,"href":"https:\/\/radiostudiow.com.br\/site\/wp-json\/wp\/v2\/posts\/32303\/revisions"}],"predecessor-version":[{"id":32306,"href":"https:\/\/radiostudiow.com.br\/site\/wp-json\/wp\/v2\/posts\/32303\/revisions\/32306"}],"wp:featuredmedia":[{"embeddable":true,"href":"https:\/\/radiostudiow.com.br\/site\/wp-json\/wp\/v2\/media\/32304"}],"wp:attachment":[{"href":"https:\/\/radiostudiow.com.br\/site\/wp-json\/wp\/v2\/media?parent=32303"}],"wp:term":[{"taxonomy":"category","embeddable":true,"href":"https:\/\/radiostudiow.com.br\/site\/wp-json\/wp\/v2\/categories?post=32303"},{"taxonomy":"post_tag","embeddable":true,"href":"https:\/\/radiostudiow.com.br\/site\/wp-json\/wp\/v2\/tags?post=32303"}],"curies":[{"name":"wp","href":"https:\/\/api.w.org\/{rel}","templated":true}]}}