{"id":32307,"date":"2024-12-31T09:29:51","date_gmt":"2024-12-31T12:29:51","guid":{"rendered":"https:\/\/radiostudiow.com.br\/site\/?p=32307"},"modified":"2025-01-31T14:58:02","modified_gmt":"2025-01-31T17:58:02","slug":"corpo-de-bombeiros-de-sao-mateus-do-sul-combate-incendio-em-residencia","status":"publish","type":"post","link":"https:\/\/radiostudiow.com.br\/site\/2024\/12\/31\/corpo-de-bombeiros-de-sao-mateus-do-sul-combate-incendio-em-residencia\/","title":{"rendered":"Corpo de Bombeiros de S\u00e3o Mateus Do Sul combate inc\u00eandio em resid\u00eancia"},"content":{"rendered":"\n<p>A guarni\u00e7\u00e3o constatou que uma resid\u00eancia localizada no fundo do terreno estava completamente tomada pelas chamas na Rua Roberto Angevicz, bairro Usina Velha por volta das 06h30 da manh\u00e3 desta ter\u00e7a-feira (31).<\/p>\n\n\n\n<p>A resid\u00eancia localizada na parte frontal do mesmo terreno n\u00e3o havia sido afetada, mantendo-se a uma dist\u00e2ncia aproximada de cinco metros.<\/p>\n\n\n\n<figure class=\"wp-block-image size-full\"><img loading=\"lazy\" decoding=\"async\" width=\"897\" height=\"204\" src=\"https:\/\/radiostudiow.com.br\/site\/wp-content\/uploads\/2024\/12\/SEPAC.png\" alt=\"\" class=\"wp-image-32250\" srcset=\"https:\/\/radiostudiow.com.br\/site\/wp-content\/uploads\/2024\/12\/SEPAC.png 897w, https:\/\/radiostudiow.com.br\/site\/wp-content\/uploads\/2024\/12\/SEPAC-300x68.png 300w, https:\/\/radiostudiow.com.br\/site\/wp-content\/uploads\/2024\/12\/SEPAC-768x175.png 768w\" sizes=\"auto, (max-width: 897px) 100vw, 897px\" \/><\/figure>\n\n\n\n<p>Uma <a><\/a>vizinha informou que n\u00e3o havia possibilidade de v\u00edtimas, pois os moradores da resid\u00eancia atingida estavam em viagem h\u00e1 aproximadamente uma semana.<\/p>\n\n\n\n<p>Diante disso, a guarni\u00e7\u00e3o realizou o combate ao inc\u00eandio, seguido do trabalho de rescaldo. Ap\u00f3s a conclus\u00e3o das opera\u00e7\u00f5es, foram prestadas orienta\u00e7\u00f5es aos moradores das propriedades vizinhas, e o local foi liberado para a propriet\u00e1ria da resid\u00eancia atingida.<\/p>\n\n\n\n<figure class=\"wp-block-image size-large\"><img loading=\"lazy\" decoding=\"async\" width=\"1024\" height=\"768\" src=\"https:\/\/radiostudiow.com.br\/site\/wp-content\/uploads\/2024\/12\/image-153-1024x768.png\" alt=\"\" class=\"wp-image-32309\" srcset=\"https:\/\/radiostudiow.com.br\/site\/wp-content\/uploads\/2024\/12\/image-153-1024x768.png 1024w, https:\/\/radiostudiow.com.br\/site\/wp-content\/uploads\/2024\/12\/image-153-300x225.png 300w, https:\/\/radiostudiow.com.br\/site\/wp-content\/uploads\/2024\/12\/image-153-768x576.png 768w, https:\/\/radiostudiow.com.br\/site\/wp-content\/uploads\/2024\/12\/image-153.png 1200w\" sizes=\"auto, (max-width: 1024px) 100vw, 1024px\" \/><\/figure>\n\n\n\n<figure class=\"wp-block-image size-large\"><img loading=\"lazy\" decoding=\"async\" width=\"1024\" height=\"768\" src=\"https:\/\/radiostudiow.com.br\/site\/wp-content\/uploads\/2024\/12\/image-154-1024x768.png\" alt=\"\" class=\"wp-image-32310\" srcset=\"https:\/\/radiostudiow.com.br\/site\/wp-content\/uploads\/2024\/12\/image-154-1024x768.png 1024w, https:\/\/radiostudiow.com.br\/site\/wp-content\/uploads\/2024\/12\/image-154-300x225.png 300w, https:\/\/radiostudiow.com.br\/site\/wp-content\/uploads\/2024\/12\/image-154-768x576.png 768w, https:\/\/radiostudiow.com.br\/site\/wp-content\/uploads\/2024\/12\/image-154.png 1200w\" sizes=\"auto, (max-width: 1024px) 100vw, 1024px\" \/><\/figure>\n\n\n\n<figure class=\"wp-block-image size-large\"><img loading=\"lazy\" decoding=\"async\" width=\"1024\" height=\"768\" src=\"https:\/\/radiostudiow.com.br\/site\/wp-content\/uploads\/2024\/12\/image-155-1024x768.png\" alt=\"\" class=\"wp-image-32311\" srcset=\"https:\/\/radiostudiow.com.br\/site\/wp-content\/uploads\/2024\/12\/image-155-1024x768.png 1024w, https:\/\/radiostudiow.com.br\/site\/wp-content\/uploads\/2024\/12\/image-155-300x225.png 300w, https:\/\/radiostudiow.com.br\/site\/wp-content\/uploads\/2024\/12\/image-155-768x576.png 768w, https:\/\/radiostudiow.com.br\/site\/wp-content\/uploads\/2024\/12\/image-155.png 1200w\" sizes=\"auto, (max-width: 1024px) 100vw, 1024px\" \/><\/figure>\n","protected":false},"excerpt":{"rendered":"<p>A guarni\u00e7\u00e3o constatou que uma resid\u00eancia localizada no fundo do terreno estava completamente tomada pelas chamas na Rua Roberto Angevicz, bairro Usina Velha por volta das 06h30 da manh\u00e3 desta ter\u00e7a-feira (31). A resid\u00eancia localizada na parte frontal do mesmo terreno n\u00e3o havia sido afetada, mantendo-se a uma dist\u00e2ncia aproximada de cinco metros. Uma vizinha [&hellip;]<\/p>\n","protected":false},"author":2,"featured_media":32308,"comment_status":"open","ping_status":"open","sticky":false,"template":"","format":"standard","meta":{"footnotes":""},"categories":[185],"tags":[172],"class_list":["post-32307","post","type-post","status-publish","format-standard","has-post-thumbnail","hentry","category-regional","tag-featured"],"amp_enabled":true,"_links":{"self":[{"href":"https:\/\/radiostudiow.com.br\/site\/wp-json\/wp\/v2\/posts\/32307","targetHints":{"allow":["GET"]}}],"collection":[{"href":"https:\/\/radiostudiow.com.br\/site\/wp-json\/wp\/v2\/posts"}],"about":[{"href":"https:\/\/radiostudiow.com.br\/site\/wp-json\/wp\/v2\/types\/post"}],"author":[{"embeddable":true,"href":"https:\/\/radiostudiow.com.br\/site\/wp-json\/wp\/v2\/users\/2"}],"replies":[{"embeddable":true,"href":"https:\/\/radiostudiow.com.br\/site\/wp-json\/wp\/v2\/comments?post=32307"}],"version-history":[{"count":1,"href":"https:\/\/radiostudiow.com.br\/site\/wp-json\/wp\/v2\/posts\/32307\/revisions"}],"predecessor-version":[{"id":32312,"href":"https:\/\/radiostudiow.com.br\/site\/wp-json\/wp\/v2\/posts\/32307\/revisions\/32312"}],"wp:featuredmedia":[{"embeddable":true,"href":"https:\/\/radiostudiow.com.br\/site\/wp-json\/wp\/v2\/media\/32308"}],"wp:attachment":[{"href":"https:\/\/radiostudiow.com.br\/site\/wp-json\/wp\/v2\/media?parent=32307"}],"wp:term":[{"taxonomy":"category","embeddable":true,"href":"https:\/\/radiostudiow.com.br\/site\/wp-json\/wp\/v2\/categories?post=32307"},{"taxonomy":"post_tag","embeddable":true,"href":"https:\/\/radiostudiow.com.br\/site\/wp-json\/wp\/v2\/tags?post=32307"}],"curies":[{"name":"wp","href":"https:\/\/api.w.org\/{rel}","templated":true}]}}