{"id":32325,"date":"2024-12-31T12:42:22","date_gmt":"2024-12-31T15:42:22","guid":{"rendered":"https:\/\/radiostudiow.com.br\/site\/?p=32325"},"modified":"2025-01-31T14:58:01","modified_gmt":"2025-01-31T17:58:01","slug":"operacao-policial-em-rio-azul-resulta-na-prisao-de-homem-e-mulher-suspeitos-de-envolvimento-com-o-trafico-de-drogas","status":"publish","type":"post","link":"https:\/\/radiostudiow.com.br\/site\/2024\/12\/31\/operacao-policial-em-rio-azul-resulta-na-prisao-de-homem-e-mulher-suspeitos-de-envolvimento-com-o-trafico-de-drogas\/","title":{"rendered":"Opera\u00e7\u00e3o Policial em Rio Azul resulta na pris\u00e3o de homem e mulher suspeitos de envolvimento com o tr\u00e1fico de drogas"},"content":{"rendered":"\n<p><a target=\"_blank\" href=\"https:\/\/api.whatsapp.com\/send?text=Opera%C3%A7%C3%A3o%20Policial%20em%20Rio%20Azul%20resulta%20na%20pris%C3%A3o%20de%20homem%20e%20mulher%20suspeitos%20de%20envolvimento%20com%20o%20tr%C3%A1fico%20de%20drogas%20-%20https:\/\/alvoradanoar.com.br\/noticia\/684214\" rel=\"noreferrer noopener\"><\/a><\/p>\n\n\n\n<p>Na tarde de segunda-feira, 30 de dezembro, a cidade de Rio Azul foi palco de uma a\u00e7\u00e3o policial de combate ao tr\u00e1fico de drogas. A opera\u00e7\u00e3o, realizada pelas equipes ROTAM e PRC, fazia parte de um esfor\u00e7o concentrado na \u00e1rea do 4\u00b0 CRPM e teve in\u00edcio \u00e0s 16h45min. O foco estava no Centro, onde uma resid\u00eancia chamou a aten\u00e7\u00e3o das autoridades.<\/p>\n\n\n\n<figure class=\"wp-block-image size-full\"><img loading=\"lazy\" decoding=\"async\" width=\"598\" height=\"204\" src=\"https:\/\/radiostudiow.com.br\/site\/wp-content\/uploads\/2024\/10\/labirati.png\" alt=\"\" class=\"wp-image-28854\" srcset=\"https:\/\/radiostudiow.com.br\/site\/wp-content\/uploads\/2024\/10\/labirati.png 598w, https:\/\/radiostudiow.com.br\/site\/wp-content\/uploads\/2024\/10\/labirati-300x102.png 300w\" sizes=\"auto, (max-width: 598px) 100vw, 598px\" \/><\/figure>\n\n\n\n<p>Durante a opera\u00e7\u00e3o, os policiais visualizaram um homem, de 26 anos, com tornozeleira eletr\u00f4nica, conversando com algu\u00e9m pela janela de sua casa. Ao avistar a viatura policial, o indiv\u00edduo demonstrou um comportamento suspeito, ficando visivelmente nervoso e, em um gesto r\u00e1pido, jogando algo no ch\u00e3o. A abordagem foi imediatamente feita e, durante a busca inicial, nada de il\u00edcito foi encontrado com o homem.<\/p>\n\n\n\n<p>No entanto, durante a abordagem, o homem revelou aos policiais que estava comprando entorpecentes na resid\u00eancia e indicou o local onde a droga estaria. Uma busca minuciosa foi realizada nas proximidades e, ao lado da resid\u00eancia, os policiais encontraram uma pequena bucha de subst\u00e2ncia an\u00e1loga \u00e0 coca\u00edna, pesando 0,5 gramas.<\/p>\n\n\n\n<p>Simultaneamente, a equipe percebeu que uma mulher, de 27 anos, havia sa\u00eddo correndo da casa e se dirigido \u00e0 parte de tr\u00e1s da resid\u00eancia. Ela foi seguida pelos policiais, que a viram jogar seu celular no p\u00e1tio da casa vizinha. Ao ser abordada, a mulher n\u00e3o portava nada de il\u00edcito, mas o celular que ela havia descartado foi recuperado pelos policiais. Junto ao aparelho, tamb\u00e9m foi encontrada uma bucha de coca\u00edna, pesando 10,8 gramas.<\/p>\n\n\n\n<figure class=\"wp-block-image size-large\"><img decoding=\"async\" src=\"https:\/\/radiostudiow.com.br\/site\/wp-content\/uploads\/2024\/12\/unnamed-file-1024x379.png\" alt=\"\" class=\"wp-image-32295\"\/><\/figure>\n\n\n\n<p>Em continuidade \u00e0 opera\u00e7\u00e3o, os policiais se dirigiram at\u00e9 a casa vizinha, onde o celular foi localizado. A propriet\u00e1ria da resid\u00eancia, que estava no local, consentiu com a busca, o que permitiu que a equipe encontrasse, no quarto da mulher abordada, uma meia contendo 29,4 gramas de coca\u00edna.<\/p>\n\n\n\n<p>Diante dos fatos, ambos os suspeitos, juntamente com a droga apreendida, foram conduzidos \u00e0 41\u00aa DRP de Irati, onde os procedimentos de pol\u00edcia judici\u00e1ria foram iniciados. A opera\u00e7\u00e3o, que evidenciou o tr\u00e1fico de entorpecentes na regi\u00e3o, resultou na apreens\u00e3o de mais de 40 gramas de subst\u00e2ncia an\u00e1loga \u00e0 coca\u00edna e na pris\u00e3o dos envolvidos.<\/p>\n\n\n\n<p>Com informa\u00e7\u00f5es e foto da Pol\u00edcia Militar.<\/p>\n","protected":false},"excerpt":{"rendered":"<p>Na tarde de segunda-feira, 30 de dezembro, a cidade de Rio Azul foi palco de uma a\u00e7\u00e3o policial de combate ao tr\u00e1fico de drogas. A opera\u00e7\u00e3o, realizada pelas equipes ROTAM e PRC, fazia parte de um esfor\u00e7o concentrado na \u00e1rea do 4\u00b0 CRPM e teve in\u00edcio \u00e0s 16h45min. O foco estava no Centro, onde uma [&hellip;]<\/p>\n","protected":false},"author":2,"featured_media":32326,"comment_status":"open","ping_status":"open","sticky":false,"template":"","format":"standard","meta":{"footnotes":""},"categories":[2],"tags":[172],"class_list":["post-32325","post","type-post","status-publish","format-standard","has-post-thumbnail","hentry","category-policial","tag-featured"],"amp_enabled":true,"_links":{"self":[{"href":"https:\/\/radiostudiow.com.br\/site\/wp-json\/wp\/v2\/posts\/32325","targetHints":{"allow":["GET"]}}],"collection":[{"href":"https:\/\/radiostudiow.com.br\/site\/wp-json\/wp\/v2\/posts"}],"about":[{"href":"https:\/\/radiostudiow.com.br\/site\/wp-json\/wp\/v2\/types\/post"}],"author":[{"embeddable":true,"href":"https:\/\/radiostudiow.com.br\/site\/wp-json\/wp\/v2\/users\/2"}],"replies":[{"embeddable":true,"href":"https:\/\/radiostudiow.com.br\/site\/wp-json\/wp\/v2\/comments?post=32325"}],"version-history":[{"count":1,"href":"https:\/\/radiostudiow.com.br\/site\/wp-json\/wp\/v2\/posts\/32325\/revisions"}],"predecessor-version":[{"id":32327,"href":"https:\/\/radiostudiow.com.br\/site\/wp-json\/wp\/v2\/posts\/32325\/revisions\/32327"}],"wp:featuredmedia":[{"embeddable":true,"href":"https:\/\/radiostudiow.com.br\/site\/wp-json\/wp\/v2\/media\/32326"}],"wp:attachment":[{"href":"https:\/\/radiostudiow.com.br\/site\/wp-json\/wp\/v2\/media?parent=32325"}],"wp:term":[{"taxonomy":"category","embeddable":true,"href":"https:\/\/radiostudiow.com.br\/site\/wp-json\/wp\/v2\/categories?post=32325"},{"taxonomy":"post_tag","embeddable":true,"href":"https:\/\/radiostudiow.com.br\/site\/wp-json\/wp\/v2\/tags?post=32325"}],"curies":[{"name":"wp","href":"https:\/\/api.w.org\/{rel}","templated":true}]}}