{"id":32330,"date":"2025-01-02T09:10:24","date_gmt":"2025-01-02T12:10:24","guid":{"rendered":"https:\/\/radiostudiow.com.br\/site\/?p=32330"},"modified":"2025-01-31T14:58:01","modified_gmt":"2025-01-31T17:58:01","slug":"tres-pessoas-da-mesma-familia-perderam-a-vida-em-acidente-na-br-476","status":"publish","type":"post","link":"https:\/\/radiostudiow.com.br\/site\/2025\/01\/02\/tres-pessoas-da-mesma-familia-perderam-a-vida-em-acidente-na-br-476\/","title":{"rendered":"Tr\u00eas pessoas da mesma fam\u00edlia perderam a vida em acidente na BR-476"},"content":{"rendered":"\n<p>Um grave acidente foi registrado na tarde desta ter\u00e7a-feira, 31, na altura do quil\u00f4metro 242 da BR-476, Rodovia do Xisto, entre S\u00e3o Mateus do Sul e Lapa, envolvendo tr\u00eas ve\u00edculos, sendo um Fiat Palio com placas de Irati, um Honda Civic com placas de Curitiba e um VW\/Voyage com placas de S\u00e3o Mateus do Sul.<\/p>\n\n\n\n<figure class=\"wp-block-image size-full\"><img loading=\"lazy\" decoding=\"async\" width=\"897\" height=\"204\" src=\"https:\/\/radiostudiow.com.br\/site\/wp-content\/uploads\/2024\/12\/SEPAC.png\" alt=\"\" class=\"wp-image-32250\" srcset=\"https:\/\/radiostudiow.com.br\/site\/wp-content\/uploads\/2024\/12\/SEPAC.png 897w, https:\/\/radiostudiow.com.br\/site\/wp-content\/uploads\/2024\/12\/SEPAC-300x68.png 300w, https:\/\/radiostudiow.com.br\/site\/wp-content\/uploads\/2024\/12\/SEPAC-768x175.png 768w\" sizes=\"auto, (max-width: 897px) 100vw, 897px\" \/><\/figure>\n\n\n\n<p>O acidente envolveu nove v\u00edtimas, sendo tr\u00eas fatais, e mobilizou equipes do Corpo de Bombeiros, SAMU (Alfa e Bravo) e o helic\u00f3ptero Falc\u00e3o 04 do BPMOA.<\/p>\n\n\n\n<p>Todas as v\u00edtimas s\u00e3o da mesma fam\u00edlia e residentes da cidade da Lapa.&nbsp;<em>As informa\u00e7\u00f5es foram apuradas pelo Portal Clic Sul News<\/em>.<\/p>\n\n\n\n<p><strong>As v\u00edtimas fatais s\u00e3o:<\/strong><\/p>\n\n\n\n<p>\u2022 Alysson Tim\u00f3teo de Lara, 29 anos.<br>\u2022 Dilson Koinhaski Tibains, 29 anos (irm\u00e3o g\u00eameo de Alisson).<br>\u2022 Maria Eduarda de Lara, 9 anos (filha de Alysson).<\/p>\n\n\n\n<figure class=\"wp-block-image size-full\"><img loading=\"lazy\" decoding=\"async\" width=\"720\" height=\"279\" src=\"https:\/\/radiostudiow.com.br\/site\/wp-content\/uploads\/2025\/01\/image.png\" alt=\"\" class=\"wp-image-32332\" srcset=\"https:\/\/radiostudiow.com.br\/site\/wp-content\/uploads\/2025\/01\/image.png 720w, https:\/\/radiostudiow.com.br\/site\/wp-content\/uploads\/2025\/01\/image-300x116.png 300w\" sizes=\"auto, (max-width: 720px) 100vw, 720px\" \/><\/figure>\n\n\n\n<p><strong>Outras v\u00edtimas do acidente:<\/strong><\/p>\n\n\n\n<p>\u2022 Nicoli de Lara de Lima, 4 anos (filha de Alysson): foi encaminhada ao pronto atendimento de S\u00e3o Mateus do Sul e, posteriormente, transferida para um hospital especializado.<\/p>\n\n\n\n<p>\u2022 Ana Cl\u00e1udia Frutuoso de Lima, esposa de Alysson e m\u00e3e das meninas: sofreu ferimentos graves e foi transportada ao Hospital Cajuru, em Curitiba, pelo helic\u00f3ptero BPMOA.<\/p>\n\n\n\n<p>Detalhes do acidente:<\/p>\n\n\n\n<p>\u2022&nbsp;Fiat Palio (placas de Irati):<\/p>\n\n\n\n<p>\u2022 Cinco ocupantes.<\/p>\n\n\n\n<p>\u2022 Duas v\u00edtimas fatais adultos: dois homens encontrados sem vida no interior do ve\u00edculo.<\/p>\n\n\n\n<p>\u2022 Duas crian\u00e7as:<\/p>\n\n\n\n<p>\u2022 Uma encaminhada ao pronto-socorro de S\u00e3o Mateus do Sul pela equipe Bravo.<\/p>\n\n\n\n<p>\u2022 Outra entrou em parada cardiorrespirat\u00f3ria e, apesar dos esfor\u00e7os da m\u00e9dica da ambul\u00e2ncia, n\u00e3o resistiu.<\/p>\n\n\n\n<p>\u2022 Uma mulher: resgatada em estado grave e transportada de helic\u00f3ptero ao Hospital Cajuru ou Trabalhador, em Curitiba.<\/p>\n\n\n\n<p><strong>\u2022 Honda Civic (placas de Curitiba):<\/strong><\/p>\n\n\n\n<p>\u2022 Quatro ocupantes (um homem, uma mulher e duas crian\u00e7as).<\/p>\n\n\n\n<p>\u2022 Todos encaminhados ao Hospital de S\u00e3o Mateus do Sul com ferimentos leves.<\/p>\n\n\n\n<figure class=\"wp-block-image size-full\"><img loading=\"lazy\" decoding=\"async\" width=\"598\" height=\"204\" src=\"https:\/\/radiostudiow.com.br\/site\/wp-content\/uploads\/2024\/12\/image-95.png\" alt=\"\" class=\"wp-image-31919\" srcset=\"https:\/\/radiostudiow.com.br\/site\/wp-content\/uploads\/2024\/12\/image-95.png 598w, https:\/\/radiostudiow.com.br\/site\/wp-content\/uploads\/2024\/12\/image-95-300x102.png 300w\" sizes=\"auto, (max-width: 598px) 100vw, 598px\" \/><\/figure>\n\n\n\n<p><strong>\u2022 Voyage (placas de S\u00e3o Mateus do Sul):<\/strong><\/p>\n\n\n\n<p>\u2022 Envolvido na colis\u00e3o lateral com o Fiat Palio.<\/p>\n\n\n\n<p>\u2022 N\u00e3o houve feridos neste ve\u00edculo.<\/p>\n\n\n\n<p>De acordo com informa\u00e7\u00f5es apuradas no local, o VW\/Voyage seguia sentido S\u00e3o Mateus do Sul quando o motorista avistou o Fiat Palio rodar na pista, vindo a colidir na lateral do Voyage.&nbsp;<strong>Logo em seguida, o Honda Civic que vinha no mesmo sentido, colidiu fortemente no Palio. O motorista do Civic n\u00e3o conseguiu evitar a colis\u00e3o devido \u00e0 proximidade e visibilidade da curva fechada.<\/strong><\/p>\n\n\n\n<p>A Pol\u00edcia Rodovi\u00e1ria Federal (PRF), Instituto M\u00e9dico-Legal (IML) e Criminal\u00edstica foram acionados para os procedimentos no local.<\/p>\n","protected":false},"excerpt":{"rendered":"<p>Um grave acidente foi registrado na tarde desta ter\u00e7a-feira, 31, na altura do quil\u00f4metro 242 da BR-476, Rodovia do Xisto, entre S\u00e3o Mateus do Sul e Lapa, envolvendo tr\u00eas ve\u00edculos, sendo um Fiat Palio com placas de Irati, um Honda Civic com placas de Curitiba e um VW\/Voyage com placas de S\u00e3o Mateus do Sul. [&hellip;]<\/p>\n","protected":false},"author":2,"featured_media":32333,"comment_status":"open","ping_status":"open","sticky":false,"template":"","format":"standard","meta":{"footnotes":""},"categories":[185],"tags":[172],"class_list":["post-32330","post","type-post","status-publish","format-standard","has-post-thumbnail","hentry","category-regional","tag-featured"],"amp_enabled":true,"_links":{"self":[{"href":"https:\/\/radiostudiow.com.br\/site\/wp-json\/wp\/v2\/posts\/32330","targetHints":{"allow":["GET"]}}],"collection":[{"href":"https:\/\/radiostudiow.com.br\/site\/wp-json\/wp\/v2\/posts"}],"about":[{"href":"https:\/\/radiostudiow.com.br\/site\/wp-json\/wp\/v2\/types\/post"}],"author":[{"embeddable":true,"href":"https:\/\/radiostudiow.com.br\/site\/wp-json\/wp\/v2\/users\/2"}],"replies":[{"embeddable":true,"href":"https:\/\/radiostudiow.com.br\/site\/wp-json\/wp\/v2\/comments?post=32330"}],"version-history":[{"count":1,"href":"https:\/\/radiostudiow.com.br\/site\/wp-json\/wp\/v2\/posts\/32330\/revisions"}],"predecessor-version":[{"id":32334,"href":"https:\/\/radiostudiow.com.br\/site\/wp-json\/wp\/v2\/posts\/32330\/revisions\/32334"}],"wp:featuredmedia":[{"embeddable":true,"href":"https:\/\/radiostudiow.com.br\/site\/wp-json\/wp\/v2\/media\/32333"}],"wp:attachment":[{"href":"https:\/\/radiostudiow.com.br\/site\/wp-json\/wp\/v2\/media?parent=32330"}],"wp:term":[{"taxonomy":"category","embeddable":true,"href":"https:\/\/radiostudiow.com.br\/site\/wp-json\/wp\/v2\/categories?post=32330"},{"taxonomy":"post_tag","embeddable":true,"href":"https:\/\/radiostudiow.com.br\/site\/wp-json\/wp\/v2\/tags?post=32330"}],"curies":[{"name":"wp","href":"https:\/\/api.w.org\/{rel}","templated":true}]}}