{"id":32338,"date":"2025-01-02T09:35:55","date_gmt":"2025-01-02T12:35:55","guid":{"rendered":"https:\/\/radiostudiow.com.br\/site\/?p=32338"},"modified":"2025-01-31T14:58:01","modified_gmt":"2025-01-31T17:58:01","slug":"policia-civil-prende-homem-por-posse-ilegal-de-armas-de-fogo-em-bituruna","status":"publish","type":"post","link":"https:\/\/radiostudiow.com.br\/site\/2025\/01\/02\/policia-civil-prende-homem-por-posse-ilegal-de-armas-de-fogo-em-bituruna\/","title":{"rendered":"Pol\u00edcia Civil prende homem por posse ilegal de armas de fogo em Bituruna"},"content":{"rendered":"\n<p>A Pol\u00edcia Civil do Paran\u00e1 (PCPR) prendeu, na manh\u00e3 desta ter\u00e7a-feira, 31, um homem de 42 anos em flagrante por posse ilegal de armas de fogo e muni\u00e7\u00f5es.<\/p>\n\n\n\n<p>A pris\u00e3o ocorreu ap\u00f3s dilig\u00eancias da Delegacia da Mulher, com o apoio da 4\u00aa Subdivis\u00e3o Policial de Uni\u00e3o da Vit\u00f3ria, em cumprimento a um Mandado de Busca e Apreens\u00e3o autorizado pela Justi\u00e7a.<\/p>\n\n\n\n<p>A a\u00e7\u00e3o policial foi desencadeada ap\u00f3s a v\u00edtima, uma mulher de 52 anos, denunciar seu esposo na Delegacia de Pol\u00edcia, no dia 30 de dezembro, relatando ter sido v\u00edtima de viol\u00eancia dom\u00e9stica, incluindo les\u00f5es corporais e inj\u00farias.<\/p>\n\n\n\n<figure class=\"wp-block-image size-full\"><img loading=\"lazy\" decoding=\"async\" width=\"897\" height=\"204\" src=\"https:\/\/radiostudiow.com.br\/site\/wp-content\/uploads\/2024\/11\/image-49.png\" alt=\"\" class=\"wp-image-30017\" srcset=\"https:\/\/radiostudiow.com.br\/site\/wp-content\/uploads\/2024\/11\/image-49.png 897w, https:\/\/radiostudiow.com.br\/site\/wp-content\/uploads\/2024\/11\/image-49-300x68.png 300w, https:\/\/radiostudiow.com.br\/site\/wp-content\/uploads\/2024\/11\/image-49-768x175.png 768w\" sizes=\"auto, (max-width: 897px) 100vw, 897px\" \/><\/figure>\n\n\n\n<p>A mulher solicitou medidas protetivas de urg\u00eancia, que foram prontamente deferidas pela autoridade judicial, al\u00e9m de ser solicitada a busca por armas de fogo irregulares na resid\u00eancia do acusado.<\/p>\n\n\n\n<p>Em opera\u00e7\u00e3o realizada na manh\u00e3 de hoje, os policiais civis se deslocaram at\u00e9 a resid\u00eancia do investigado, situada na zona rural de Bituruna.<\/p>\n\n\n\n<p>Durante o cumprimento do mandado, foram encontradas uma espingarda calibre .28 e uma carabina modificada calibre .22, al\u00e9m de quatro muni\u00e7\u00f5es.<\/p>\n\n\n\n<p>Diante da constata\u00e7\u00e3o do crime de posse ilegal das armas de fogo, o homem foi preso em flagrante e conduzido \u00e0 Delegacia da Mulher de Uni\u00e3o da Vit\u00f3ria, onde foi posteriormente encaminhado \u00e0 Cadeia P\u00fablica de Uni\u00e3o da Vit\u00f3ria.<\/p>\n\n\n\n<p>O delegado Thiers Andregotti, respons\u00e1vel pela opera\u00e7\u00e3o, destacou a rapidez e efici\u00eancia da a\u00e7\u00e3o policial.<\/p>\n\n\n\n<figure class=\"wp-block-image size-full\"><img loading=\"lazy\" decoding=\"async\" width=\"598\" height=\"204\" src=\"https:\/\/radiostudiow.com.br\/site\/wp-content\/uploads\/2024\/10\/labirati.png\" alt=\"\" class=\"wp-image-28854\" srcset=\"https:\/\/radiostudiow.com.br\/site\/wp-content\/uploads\/2024\/10\/labirati.png 598w, https:\/\/radiostudiow.com.br\/site\/wp-content\/uploads\/2024\/10\/labirati-300x102.png 300w\" sizes=\"auto, (max-width: 598px) 100vw, 598px\" \/><\/figure>\n\n\n\n<p><em><strong>\u201cAssim que tomamos conhecimento da situa\u00e7\u00e3o envolvendo viol\u00eancia dom\u00e9stica e de ind\u00edcios da exist\u00eancia de armas de fogo em posse do investigado, com risco iminente \u00e0 integridade f\u00edsica da v\u00edtima, a Pol\u00edcia Civil agiu prontamente para garantir a seguran\u00e7a dela, representando junto ao Judici\u00e1rio pela busca e apreens\u00e3o. A pris\u00e3o em flagrante foi um desdobramento natural dessa dilig\u00eancia, e a Pol\u00edcia Civil reafirma seu compromisso em proteger a sociedade e combater a viol\u00eancia dom\u00e9stica\u201d.<\/strong><\/em><\/p>\n\n\n\n<p>A ocorr\u00eancia foi conclu\u00edda em menos de 24 horas, com a pris\u00e3o do investigado e a finaliza\u00e7\u00e3o das investiga\u00e7\u00f5es por les\u00e3o corporal, inj\u00faria e posse ilegal de arma de fogo, acess\u00f3rios ou muni\u00e7\u00f5es.<\/p>\n\n\n\n<p>A a\u00e7\u00e3o ressalta a atua\u00e7\u00e3o diligente da Pol\u00edcia Civil do Paran\u00e1 no combate \u00e0 viol\u00eancia dom\u00e9stica e \u00e0 posse irregular de armas, refor\u00e7ando seu compromisso com a seguran\u00e7a e bem-estar da popula\u00e7\u00e3o paranaense.<\/p>\n","protected":false},"excerpt":{"rendered":"<p>A Pol\u00edcia Civil do Paran\u00e1 (PCPR) prendeu, na manh\u00e3 desta ter\u00e7a-feira, 31, um homem de 42 anos em flagrante por posse ilegal de armas de fogo e muni\u00e7\u00f5es. A pris\u00e3o ocorreu ap\u00f3s dilig\u00eancias da Delegacia da Mulher, com o apoio da 4\u00aa Subdivis\u00e3o Policial de Uni\u00e3o da Vit\u00f3ria, em cumprimento a um Mandado de Busca [&hellip;]<\/p>\n","protected":false},"author":2,"featured_media":30530,"comment_status":"open","ping_status":"open","sticky":false,"template":"","format":"standard","meta":{"footnotes":""},"categories":[2],"tags":[172],"class_list":["post-32338","post","type-post","status-publish","format-standard","has-post-thumbnail","hentry","category-policial","tag-featured"],"amp_enabled":true,"_links":{"self":[{"href":"https:\/\/radiostudiow.com.br\/site\/wp-json\/wp\/v2\/posts\/32338","targetHints":{"allow":["GET"]}}],"collection":[{"href":"https:\/\/radiostudiow.com.br\/site\/wp-json\/wp\/v2\/posts"}],"about":[{"href":"https:\/\/radiostudiow.com.br\/site\/wp-json\/wp\/v2\/types\/post"}],"author":[{"embeddable":true,"href":"https:\/\/radiostudiow.com.br\/site\/wp-json\/wp\/v2\/users\/2"}],"replies":[{"embeddable":true,"href":"https:\/\/radiostudiow.com.br\/site\/wp-json\/wp\/v2\/comments?post=32338"}],"version-history":[{"count":1,"href":"https:\/\/radiostudiow.com.br\/site\/wp-json\/wp\/v2\/posts\/32338\/revisions"}],"predecessor-version":[{"id":32339,"href":"https:\/\/radiostudiow.com.br\/site\/wp-json\/wp\/v2\/posts\/32338\/revisions\/32339"}],"wp:featuredmedia":[{"embeddable":true,"href":"https:\/\/radiostudiow.com.br\/site\/wp-json\/wp\/v2\/media\/30530"}],"wp:attachment":[{"href":"https:\/\/radiostudiow.com.br\/site\/wp-json\/wp\/v2\/media?parent=32338"}],"wp:term":[{"taxonomy":"category","embeddable":true,"href":"https:\/\/radiostudiow.com.br\/site\/wp-json\/wp\/v2\/categories?post=32338"},{"taxonomy":"post_tag","embeddable":true,"href":"https:\/\/radiostudiow.com.br\/site\/wp-json\/wp\/v2\/tags?post=32338"}],"curies":[{"name":"wp","href":"https:\/\/api.w.org\/{rel}","templated":true}]}}