{"id":32340,"date":"2025-01-02T09:39:03","date_gmt":"2025-01-02T12:39:03","guid":{"rendered":"https:\/\/radiostudiow.com.br\/site\/?p=32340"},"modified":"2025-01-31T14:58:01","modified_gmt":"2025-01-31T17:58:01","slug":"homem-que-morre-apos-acidente-com-trator-em-general-carneiro","status":"publish","type":"post","link":"https:\/\/radiostudiow.com.br\/site\/2025\/01\/02\/homem-que-morre-apos-acidente-com-trator-em-general-carneiro\/","title":{"rendered":"Homem que morre ap\u00f3s acidente com trator em General Carneiro"},"content":{"rendered":"\n<p>Um homem morreu v\u00edtima de um acidente com um trator na manh\u00e3 dessa ter\u00e7a-feira, dia 31 de dezembro, por volta das 10 horas na cidade de General Carneiro.<\/p>\n\n\n\n<p>Segundo informa\u00e7\u00f5es, o homem identificado como\u00a0Luciano Barth,\u00a0de 40 anos, estava em um trator que tombou na regi\u00e3o da Magril.<\/p>\n\n\n\n<figure class=\"wp-block-image size-large\"><img decoding=\"async\" src=\"https:\/\/radiostudiow.com.br\/site\/wp-content\/uploads\/2024\/12\/unnamed-file-1024x379.png\" alt=\"\" class=\"wp-image-32295\"\/><\/figure>\n\n\n\n<p>O homem n\u00e3o resistiu aos ferimentos e morreu ainda no local.<\/p>\n\n\n\n<p>A ocorr\u00eancia mobilizou Corpo de Bombeiros e o Instituto M\u00e9dico Legal \u2013 IML que recolheu o corpo. O vel\u00f3rio e o sepultamento ser\u00e1 na localidade de Santa Cruz do Timb\u00f3, em Porto Uni\u00e3o.<\/p>\n","protected":false},"excerpt":{"rendered":"<p>Um homem morreu v\u00edtima de um acidente com um trator na manh\u00e3 dessa ter\u00e7a-feira, dia 31 de dezembro, por volta das 10 horas na cidade de General Carneiro. Segundo informa\u00e7\u00f5es, o homem identificado como\u00a0Luciano Barth,\u00a0de 40 anos, estava em um trator que tombou na regi\u00e3o da Magril. O homem n\u00e3o resistiu aos ferimentos e morreu [&hellip;]<\/p>\n","protected":false},"author":2,"featured_media":32341,"comment_status":"open","ping_status":"open","sticky":false,"template":"","format":"standard","meta":{"footnotes":""},"categories":[185],"tags":[172],"class_list":["post-32340","post","type-post","status-publish","format-standard","has-post-thumbnail","hentry","category-regional","tag-featured"],"amp_enabled":true,"_links":{"self":[{"href":"https:\/\/radiostudiow.com.br\/site\/wp-json\/wp\/v2\/posts\/32340","targetHints":{"allow":["GET"]}}],"collection":[{"href":"https:\/\/radiostudiow.com.br\/site\/wp-json\/wp\/v2\/posts"}],"about":[{"href":"https:\/\/radiostudiow.com.br\/site\/wp-json\/wp\/v2\/types\/post"}],"author":[{"embeddable":true,"href":"https:\/\/radiostudiow.com.br\/site\/wp-json\/wp\/v2\/users\/2"}],"replies":[{"embeddable":true,"href":"https:\/\/radiostudiow.com.br\/site\/wp-json\/wp\/v2\/comments?post=32340"}],"version-history":[{"count":1,"href":"https:\/\/radiostudiow.com.br\/site\/wp-json\/wp\/v2\/posts\/32340\/revisions"}],"predecessor-version":[{"id":32342,"href":"https:\/\/radiostudiow.com.br\/site\/wp-json\/wp\/v2\/posts\/32340\/revisions\/32342"}],"wp:featuredmedia":[{"embeddable":true,"href":"https:\/\/radiostudiow.com.br\/site\/wp-json\/wp\/v2\/media\/32341"}],"wp:attachment":[{"href":"https:\/\/radiostudiow.com.br\/site\/wp-json\/wp\/v2\/media?parent=32340"}],"wp:term":[{"taxonomy":"category","embeddable":true,"href":"https:\/\/radiostudiow.com.br\/site\/wp-json\/wp\/v2\/categories?post=32340"},{"taxonomy":"post_tag","embeddable":true,"href":"https:\/\/radiostudiow.com.br\/site\/wp-json\/wp\/v2\/tags?post=32340"}],"curies":[{"name":"wp","href":"https:\/\/api.w.org\/{rel}","templated":true}]}}