{"id":32343,"date":"2025-01-02T09:45:41","date_gmt":"2025-01-02T12:45:41","guid":{"rendered":"https:\/\/radiostudiow.com.br\/site\/?p=32343"},"modified":"2025-01-31T14:58:01","modified_gmt":"2025-01-31T17:58:01","slug":"policia-conclui-investigacao-de-tentativa-de-feminicidio-em-uniao-da-vitoria","status":"publish","type":"post","link":"https:\/\/radiostudiow.com.br\/site\/2025\/01\/02\/policia-conclui-investigacao-de-tentativa-de-feminicidio-em-uniao-da-vitoria\/","title":{"rendered":"Pol\u00edcia conclui investiga\u00e7\u00e3o de tentativa de feminic\u00eddio em Uni\u00e3o da Vit\u00f3ria"},"content":{"rendered":"\n<p>A Pol\u00edcia Civil do Paran\u00e1 (PCPR), por meio da Delegacia da Mulher de Uni\u00e3o da Vit\u00f3ria, concluiu nesta ter\u00e7a-feira (31) a investiga\u00e7\u00e3o de uma tentativa de feminic\u00eddio ocorrida no dia 15 de dezembro.\u00a0O agressor, companheiro da v\u00edtima, tentou mat\u00e1-la ap\u00f3s uma discuss\u00e3o motivada por ci\u00fames. O crime s\u00f3 n\u00e3o se consumou gra\u00e7as \u00e0 rea\u00e7\u00e3o r\u00e1pida da mulher.<\/p>\n\n\n\n<p>Durante a discuss\u00e3o, o investigado desferiu uma facada contra a v\u00edtima com a inten\u00e7\u00e3o clara de mat\u00e1-la.<\/p>\n\n\n\n<figure class=\"wp-block-image size-full\"><img loading=\"lazy\" decoding=\"async\" width=\"897\" height=\"204\" src=\"https:\/\/radiostudiow.com.br\/site\/wp-content\/uploads\/2024\/08\/TIJOLAO.png\" alt=\"\" class=\"wp-image-25951\" srcset=\"https:\/\/radiostudiow.com.br\/site\/wp-content\/uploads\/2024\/08\/TIJOLAO.png 897w, https:\/\/radiostudiow.com.br\/site\/wp-content\/uploads\/2024\/08\/TIJOLAO-300x68.png 300w, https:\/\/radiostudiow.com.br\/site\/wp-content\/uploads\/2024\/08\/TIJOLAO-768x175.png 768w\" sizes=\"auto, (max-width: 897px) 100vw, 897px\" \/><\/figure>\n\n\n\n<p>Contudo, a mulher conseguiu bloquear o golpe, colocando o bra\u00e7o \u00e0 frente, o que resultou em um corte profundo em seu antebra\u00e7o.\u00a0Mesmo ferida, a v\u00edtima conseguiu buscar socorro das autoridades e, logo em seguida, procurou a Delegacia da Mulher, onde solicitou medidas protetivas de urg\u00eancia.<\/p>\n\n\n\n<p>Na ocasi\u00e3o, houve a representa\u00e7\u00e3o pela pris\u00e3o preventiva do agressor, prontamente deferida pelo Poder Judici\u00e1rio.<\/p>\n\n\n\n<p>Ap\u00f3s o ataque, o investigado fugiu e passou dias se escondendo em meio \u00e0 mata, tentando escapar da pris\u00e3o. No entanto, as buscas foram intensificadas, e o homem foi localizado e preso ainda esta semana quando saiu do esconderijo para ir a um bar.<\/p>\n\n\n\n<blockquote class=\"wp-block-quote is-layout-flow wp-block-quote-is-layout-flow\">\n<p><strong><em>\u201cO feminic\u00eddio \u00e9 o \u00faltimo degrau na escalada da viol\u00eancia contra a mulher. Combat\u00ea-lo \u00e9 fundamental para garantir a prote\u00e7\u00e3o das v\u00edtimas e erradicar o ciclo de viol\u00eancia de g\u00eanero. A Pol\u00edcia Civil est\u00e1 comprometida em atuar de forma eficaz para que agressores&nbsp;sejam responsabilizados e as v\u00edtimas recebam o amparo necess\u00e1rio\u201d,<\/em>&nbsp;afirmou o Delegado de Pol\u00edcia Thiers Andregotti, respons\u00e1vel pela investiga\u00e7\u00e3o.&nbsp;<\/strong><\/p>\n<\/blockquote>\n\n\n\n<figure class=\"wp-block-image size-large\"><img decoding=\"async\" src=\"https:\/\/radiostudiow.com.br\/site\/wp-content\/uploads\/2024\/05\/86140-nacional-tv-coops-comunicacao-interna-pos-campanha-de-educacao-financeira-2024-1-1024x576.png\" alt=\"\" class=\"wp-image-23087\"\/><\/figure>\n\n\n\n<p>Com a conclus\u00e3o do inqu\u00e9rito policial, o investigado segue preso na Cadeia P\u00fablica de Uni\u00e3o da Vit\u00f3ria, aguardando as fases subsequentes do processo judicial.<\/p>\n\n\n\n<p>A PCPR refor\u00e7a que as v\u00edtimas de viol\u00eancia dom\u00e9stica devem sempre procurar os \u00f3rg\u00e3os competentes para denunciar e buscar medidas de prote\u00e7\u00e3o.<\/p>\n\n\n\n<p>Apoio \u00e0s V\u00edtimas A Delegacia da Mulher de Uni\u00e3o da Vit\u00f3ria oferece atendimento especializado \u00e0s v\u00edtimas de viol\u00eancia dom\u00e9stica e feminic\u00eddio tentado, proporcionando apoio psicol\u00f3gico, jur\u00eddico<br>e prote\u00e7\u00e3o imediata.<\/p>\n","protected":false},"excerpt":{"rendered":"<p>A Pol\u00edcia Civil do Paran\u00e1 (PCPR), por meio da Delegacia da Mulher de Uni\u00e3o da Vit\u00f3ria, concluiu nesta ter\u00e7a-feira (31) a investiga\u00e7\u00e3o de uma tentativa de feminic\u00eddio ocorrida no dia 15 de dezembro.\u00a0O agressor, companheiro da v\u00edtima, tentou mat\u00e1-la ap\u00f3s uma discuss\u00e3o motivada por ci\u00fames. O crime s\u00f3 n\u00e3o se consumou gra\u00e7as \u00e0 rea\u00e7\u00e3o r\u00e1pida [&hellip;]<\/p>\n","protected":false},"author":2,"featured_media":32344,"comment_status":"open","ping_status":"open","sticky":false,"template":"","format":"standard","meta":{"footnotes":""},"categories":[2],"tags":[172],"class_list":["post-32343","post","type-post","status-publish","format-standard","has-post-thumbnail","hentry","category-policial","tag-featured"],"amp_enabled":true,"_links":{"self":[{"href":"https:\/\/radiostudiow.com.br\/site\/wp-json\/wp\/v2\/posts\/32343","targetHints":{"allow":["GET"]}}],"collection":[{"href":"https:\/\/radiostudiow.com.br\/site\/wp-json\/wp\/v2\/posts"}],"about":[{"href":"https:\/\/radiostudiow.com.br\/site\/wp-json\/wp\/v2\/types\/post"}],"author":[{"embeddable":true,"href":"https:\/\/radiostudiow.com.br\/site\/wp-json\/wp\/v2\/users\/2"}],"replies":[{"embeddable":true,"href":"https:\/\/radiostudiow.com.br\/site\/wp-json\/wp\/v2\/comments?post=32343"}],"version-history":[{"count":1,"href":"https:\/\/radiostudiow.com.br\/site\/wp-json\/wp\/v2\/posts\/32343\/revisions"}],"predecessor-version":[{"id":32345,"href":"https:\/\/radiostudiow.com.br\/site\/wp-json\/wp\/v2\/posts\/32343\/revisions\/32345"}],"wp:featuredmedia":[{"embeddable":true,"href":"https:\/\/radiostudiow.com.br\/site\/wp-json\/wp\/v2\/media\/32344"}],"wp:attachment":[{"href":"https:\/\/radiostudiow.com.br\/site\/wp-json\/wp\/v2\/media?parent=32343"}],"wp:term":[{"taxonomy":"category","embeddable":true,"href":"https:\/\/radiostudiow.com.br\/site\/wp-json\/wp\/v2\/categories?post=32343"},{"taxonomy":"post_tag","embeddable":true,"href":"https:\/\/radiostudiow.com.br\/site\/wp-json\/wp\/v2\/tags?post=32343"}],"curies":[{"name":"wp","href":"https:\/\/api.w.org\/{rel}","templated":true}]}}