{"id":32346,"date":"2025-01-02T11:32:32","date_gmt":"2025-01-02T14:32:32","guid":{"rendered":"https:\/\/radiostudiow.com.br\/site\/?p=32346"},"modified":"2025-01-31T14:58:01","modified_gmt":"2025-01-31T17:58:01","slug":"dois-adultos-e-uma-crianca-foram-baleadas-em-general-carneiro","status":"publish","type":"post","link":"https:\/\/radiostudiow.com.br\/site\/2025\/01\/02\/dois-adultos-e-uma-crianca-foram-baleadas-em-general-carneiro\/","title":{"rendered":"Uma crian\u00e7a e dois adultos foram baleados em General Carneiro"},"content":{"rendered":"\n<p>Uma briga generalizada deixou tr\u00eas pessoas baleadas e outras feridas na noite desta ter\u00e7a-feira, 31 de dezembro, no bairro S\u00e3o Jo\u00e3o  em General Carneiro.<\/p>\n\n\n\n<p>Segundo informa\u00e7\u00f5es apuradas, uma das pessoas baleadas se trata de uma crian\u00e7a de 9 anos que foi atingida no abd\u00f4men.<\/p>\n\n\n\n<figure class=\"wp-block-image size-full\"><img loading=\"lazy\" decoding=\"async\" width=\"897\" height=\"204\" src=\"https:\/\/radiostudiow.com.br\/site\/wp-content\/uploads\/2024\/04\/image-50.png\" alt=\"\" class=\"wp-image-21368\" srcset=\"https:\/\/radiostudiow.com.br\/site\/wp-content\/uploads\/2024\/04\/image-50.png 897w, https:\/\/radiostudiow.com.br\/site\/wp-content\/uploads\/2024\/04\/image-50-300x68.png 300w, https:\/\/radiostudiow.com.br\/site\/wp-content\/uploads\/2024\/04\/image-50-768x175.png 768w\" sizes=\"auto, (max-width: 897px) 100vw, 897px\" \/><\/figure>\n\n\n\n<p>A menina foi socorrida em estado grave e encaminhado para o hospital de Uni\u00e3o da Vit\u00f3ria. Outros dois homens tamb\u00e9m foram baleados e tamb\u00e9m foram socorridos para Uni\u00e3o da Vit\u00f3ria, um deles em estado grave.<\/p>\n\n\n\n<p>A informa\u00e7\u00e3o \u00e9 de que outras pessoas tamb\u00e9m ficaram feridas por golpes de arma branca e pedradas.<\/p>\n\n\n\n<p>A reportagem ainda apurou que o desentendimento ocorreu em raz\u00e3o de uma briga antiga e o autor dos disparos j\u00e1 foi detido pela Pol\u00edcia.&nbsp;Al\u00e9m do Corpo de Bombeiros e SAMU de General Carneiro a ocorr\u00eancia tamb\u00e9m contou com apoio do SAMU de Uni\u00e3o da Vit\u00f3ria.<\/p>\n","protected":false},"excerpt":{"rendered":"<p>Uma briga generalizada deixou tr\u00eas pessoas baleadas e outras feridas na noite desta ter\u00e7a-feira, 31 de dezembro, no bairro S\u00e3o Jo\u00e3o em General Carneiro. Segundo informa\u00e7\u00f5es apuradas, uma das pessoas baleadas se trata de uma crian\u00e7a de 9 anos que foi atingida no abd\u00f4men. A menina foi socorrida em estado grave e encaminhado para o [&hellip;]<\/p>\n","protected":false},"author":2,"featured_media":21681,"comment_status":"open","ping_status":"open","sticky":false,"template":"","format":"standard","meta":{"footnotes":""},"categories":[2],"tags":[172],"class_list":["post-32346","post","type-post","status-publish","format-standard","has-post-thumbnail","hentry","category-policial","tag-featured"],"amp_enabled":true,"_links":{"self":[{"href":"https:\/\/radiostudiow.com.br\/site\/wp-json\/wp\/v2\/posts\/32346","targetHints":{"allow":["GET"]}}],"collection":[{"href":"https:\/\/radiostudiow.com.br\/site\/wp-json\/wp\/v2\/posts"}],"about":[{"href":"https:\/\/radiostudiow.com.br\/site\/wp-json\/wp\/v2\/types\/post"}],"author":[{"embeddable":true,"href":"https:\/\/radiostudiow.com.br\/site\/wp-json\/wp\/v2\/users\/2"}],"replies":[{"embeddable":true,"href":"https:\/\/radiostudiow.com.br\/site\/wp-json\/wp\/v2\/comments?post=32346"}],"version-history":[{"count":4,"href":"https:\/\/radiostudiow.com.br\/site\/wp-json\/wp\/v2\/posts\/32346\/revisions"}],"predecessor-version":[{"id":32353,"href":"https:\/\/radiostudiow.com.br\/site\/wp-json\/wp\/v2\/posts\/32346\/revisions\/32353"}],"wp:featuredmedia":[{"embeddable":true,"href":"https:\/\/radiostudiow.com.br\/site\/wp-json\/wp\/v2\/media\/21681"}],"wp:attachment":[{"href":"https:\/\/radiostudiow.com.br\/site\/wp-json\/wp\/v2\/media?parent=32346"}],"wp:term":[{"taxonomy":"category","embeddable":true,"href":"https:\/\/radiostudiow.com.br\/site\/wp-json\/wp\/v2\/categories?post=32346"},{"taxonomy":"post_tag","embeddable":true,"href":"https:\/\/radiostudiow.com.br\/site\/wp-json\/wp\/v2\/tags?post=32346"}],"curies":[{"name":"wp","href":"https:\/\/api.w.org\/{rel}","templated":true}]}}