{"id":32355,"date":"2025-01-02T16:27:51","date_gmt":"2025-01-02T19:27:51","guid":{"rendered":"https:\/\/radiostudiow.com.br\/site\/?p=32355"},"modified":"2025-01-31T14:58:01","modified_gmt":"2025-01-31T17:58:01","slug":"pm-e-acionada-apos-descumprimento-de-medida-protetiva-em-reboucas","status":"publish","type":"post","link":"https:\/\/radiostudiow.com.br\/site\/2025\/01\/02\/pm-e-acionada-apos-descumprimento-de-medida-protetiva-em-reboucas\/","title":{"rendered":"PM \u00e9 acionada ap\u00f3s descumprimento de medida protetiva em Rebou\u00e7as"},"content":{"rendered":"\n<p>A equipe da Pol\u00edcia Militar de Rebou\u00e7as foi acionada para verificar uma ocorr\u00eancia de Descumprimento de medida Protetiva por volta das 10:15 horas dessa ter\u00e7a-feira (31).<\/p>\n\n\n\n<figure class=\"wp-block-image size-full\"><img loading=\"lazy\" decoding=\"async\" width=\"897\" height=\"204\" src=\"https:\/\/radiostudiow.com.br\/site\/wp-content\/uploads\/2024\/12\/SEPAC.png\" alt=\"\" class=\"wp-image-32250\" srcset=\"https:\/\/radiostudiow.com.br\/site\/wp-content\/uploads\/2024\/12\/SEPAC.png 897w, https:\/\/radiostudiow.com.br\/site\/wp-content\/uploads\/2024\/12\/SEPAC-300x68.png 300w, https:\/\/radiostudiow.com.br\/site\/wp-content\/uploads\/2024\/12\/SEPAC-768x175.png 768w\" sizes=\"auto, (max-width: 897px) 100vw, 897px\" \/><\/figure>\n\n\n\n<p>No local a solicitante informou que possui medida protetiva contra seu ex genro e que o mesmo passou em frente sua resid\u00eancia algumas vezes de posse de um vasilhame pl\u00e1stico contendo gasolina, motivo que ela teme por sua vida, visto que em outra data ele quebrou uma janela e colocou fogo na resid\u00eancia.<\/p>\n\n\n\n<p>Diante do exposto, a equipe realizou buscas e localizou o autor, sendo este detido, encaminhado para confec\u00e7\u00e3o do laudo de les\u00f5es corporais e posteriormente entregue juntamente com a v\u00edtima na 4\u00aa delegacia de pol\u00edcia civil para provid\u00eancias de pol\u00edcia judiciaria.<\/p>\n","protected":false},"excerpt":{"rendered":"<p>A equipe da Pol\u00edcia Militar de Rebou\u00e7as foi acionada para verificar uma ocorr\u00eancia de Descumprimento de medida Protetiva por volta das 10:15 horas dessa ter\u00e7a-feira (31). No local a solicitante informou que possui medida protetiva contra seu ex genro e que o mesmo passou em frente sua resid\u00eancia algumas vezes de posse de um vasilhame [&hellip;]<\/p>\n","protected":false},"author":2,"featured_media":29243,"comment_status":"open","ping_status":"open","sticky":false,"template":"","format":"standard","meta":{"footnotes":""},"categories":[2],"tags":[172],"class_list":["post-32355","post","type-post","status-publish","format-standard","has-post-thumbnail","hentry","category-policial","tag-featured"],"amp_enabled":true,"_links":{"self":[{"href":"https:\/\/radiostudiow.com.br\/site\/wp-json\/wp\/v2\/posts\/32355","targetHints":{"allow":["GET"]}}],"collection":[{"href":"https:\/\/radiostudiow.com.br\/site\/wp-json\/wp\/v2\/posts"}],"about":[{"href":"https:\/\/radiostudiow.com.br\/site\/wp-json\/wp\/v2\/types\/post"}],"author":[{"embeddable":true,"href":"https:\/\/radiostudiow.com.br\/site\/wp-json\/wp\/v2\/users\/2"}],"replies":[{"embeddable":true,"href":"https:\/\/radiostudiow.com.br\/site\/wp-json\/wp\/v2\/comments?post=32355"}],"version-history":[{"count":1,"href":"https:\/\/radiostudiow.com.br\/site\/wp-json\/wp\/v2\/posts\/32355\/revisions"}],"predecessor-version":[{"id":32357,"href":"https:\/\/radiostudiow.com.br\/site\/wp-json\/wp\/v2\/posts\/32355\/revisions\/32357"}],"wp:featuredmedia":[{"embeddable":true,"href":"https:\/\/radiostudiow.com.br\/site\/wp-json\/wp\/v2\/media\/29243"}],"wp:attachment":[{"href":"https:\/\/radiostudiow.com.br\/site\/wp-json\/wp\/v2\/media?parent=32355"}],"wp:term":[{"taxonomy":"category","embeddable":true,"href":"https:\/\/radiostudiow.com.br\/site\/wp-json\/wp\/v2\/categories?post=32355"},{"taxonomy":"post_tag","embeddable":true,"href":"https:\/\/radiostudiow.com.br\/site\/wp-json\/wp\/v2\/tags?post=32355"}],"curies":[{"name":"wp","href":"https:\/\/api.w.org\/{rel}","templated":true}]}}