{"id":32358,"date":"2025-01-02T16:33:24","date_gmt":"2025-01-02T19:33:24","guid":{"rendered":"https:\/\/radiostudiow.com.br\/site\/?p=32358"},"modified":"2025-01-31T14:58:01","modified_gmt":"2025-01-31T17:58:01","slug":"localizado-jovem-sao-mateuense-que-estava-desaparecido-em-bc-foi-encontrado","status":"publish","type":"post","link":"https:\/\/radiostudiow.com.br\/site\/2025\/01\/02\/localizado-jovem-sao-mateuense-que-estava-desaparecido-em-bc-foi-encontrado\/","title":{"rendered":"Localizado: jovem s\u00e3o-mateuense que estava desaparecido em BC foi encontrado"},"content":{"rendered":"\n<p>O jovem Mairon Luan da Silva Moreira, de 22 anos que estava desaparecido desde a virada do ano no litoral catarinense foi localizado.<\/p>\n\n\n\n<figure class=\"wp-block-image size-full\"><img loading=\"lazy\" decoding=\"async\" width=\"300\" height=\"180\" src=\"https:\/\/radiostudiow.com.br\/site\/wp-content\/uploads\/2024\/04\/SITE-PEQUENO.png\" alt=\"\" class=\"wp-image-21712\"\/><\/figure>\n\n\n\n<p>Segundo informa\u00e7\u00f5es do Portal Clic Sul News, o jovem entrou em contato com os familiares, relatando que havia entrado na \u00e1gua, e ao sair, acabou se perdendo do rapaz que estava com os pertences.<\/p>\n\n\n\n<p>Na manh\u00e3 desta quinta-feira (2), ele conseguiu contato com os familiares e informou que est\u00e1 bem.<a href=\"mailto:?subject=Localizado:%20jovem%20s%C3%A3o-mateuense%20que%20estava%20desaparecido%20em%20BC%20foi%20encontrado&amp;body=https:\/\/www.vvale.com.br\/seguranca\/localizado-jovem-sao-mateuense-que-estava-desaparecido-em-bc-foi-encontrado\/\" target=\"_blank\" rel=\"noreferrer noopener\"><\/a><\/p>\n","protected":false},"excerpt":{"rendered":"<p>O jovem Mairon Luan da Silva Moreira, de 22 anos que estava desaparecido desde a virada do ano no litoral catarinense foi localizado. Segundo informa\u00e7\u00f5es do Portal Clic Sul News, o jovem entrou em contato com os familiares, relatando que havia entrado na \u00e1gua, e ao sair, acabou se perdendo do rapaz que estava com [&hellip;]<\/p>\n","protected":false},"author":2,"featured_media":32336,"comment_status":"open","ping_status":"open","sticky":false,"template":"","format":"standard","meta":{"footnotes":""},"categories":[2],"tags":[172],"class_list":["post-32358","post","type-post","status-publish","format-standard","has-post-thumbnail","hentry","category-policial","tag-featured"],"amp_enabled":true,"_links":{"self":[{"href":"https:\/\/radiostudiow.com.br\/site\/wp-json\/wp\/v2\/posts\/32358","targetHints":{"allow":["GET"]}}],"collection":[{"href":"https:\/\/radiostudiow.com.br\/site\/wp-json\/wp\/v2\/posts"}],"about":[{"href":"https:\/\/radiostudiow.com.br\/site\/wp-json\/wp\/v2\/types\/post"}],"author":[{"embeddable":true,"href":"https:\/\/radiostudiow.com.br\/site\/wp-json\/wp\/v2\/users\/2"}],"replies":[{"embeddable":true,"href":"https:\/\/radiostudiow.com.br\/site\/wp-json\/wp\/v2\/comments?post=32358"}],"version-history":[{"count":1,"href":"https:\/\/radiostudiow.com.br\/site\/wp-json\/wp\/v2\/posts\/32358\/revisions"}],"predecessor-version":[{"id":32359,"href":"https:\/\/radiostudiow.com.br\/site\/wp-json\/wp\/v2\/posts\/32358\/revisions\/32359"}],"wp:featuredmedia":[{"embeddable":true,"href":"https:\/\/radiostudiow.com.br\/site\/wp-json\/wp\/v2\/media\/32336"}],"wp:attachment":[{"href":"https:\/\/radiostudiow.com.br\/site\/wp-json\/wp\/v2\/media?parent=32358"}],"wp:term":[{"taxonomy":"category","embeddable":true,"href":"https:\/\/radiostudiow.com.br\/site\/wp-json\/wp\/v2\/categories?post=32358"},{"taxonomy":"post_tag","embeddable":true,"href":"https:\/\/radiostudiow.com.br\/site\/wp-json\/wp\/v2\/tags?post=32358"}],"curies":[{"name":"wp","href":"https:\/\/api.w.org\/{rel}","templated":true}]}}