{"id":32360,"date":"2025-01-02T16:34:57","date_gmt":"2025-01-02T19:34:57","guid":{"rendered":"https:\/\/radiostudiow.com.br\/site\/?p=32360"},"modified":"2025-01-31T14:58:01","modified_gmt":"2025-01-31T17:58:01","slug":"casa-e-destruida-por-incendio-criminoso-em-general-carneiro","status":"publish","type":"post","link":"https:\/\/radiostudiow.com.br\/site\/2025\/01\/02\/casa-e-destruida-por-incendio-criminoso-em-general-carneiro\/","title":{"rendered":"Casa \u00e9 destru\u00edda por inc\u00eandio criminoso em General Carneiro"},"content":{"rendered":"\n<p>Uma casa ficou destru\u00edda por um inc\u00eandio criminoso, registrado por volta das 23 horas dessa quarta-feira, 01 de janeiro, no bairro S\u00e3o Jo\u00e3o na cidade de General Carneiro.<\/p>\n\n\n\n<p>A casa conforme informa\u00e7\u00f5es, seria de uma das pessoas envolvidas na briga generalizada que resultou em tr\u00eas pessoas baleadas e outras feridas, registrada na noite do dia 31 de dezembro, e a situa\u00e7\u00e3o teria se tratado de uma retalia\u00e7\u00e3o.<\/p>\n\n\n\n<figure class=\"wp-block-image size-full\"><img loading=\"lazy\" decoding=\"async\" width=\"897\" height=\"204\" src=\"https:\/\/radiostudiow.com.br\/site\/wp-content\/uploads\/2024\/04\/image-15.png\" alt=\"\" class=\"wp-image-21199\" srcset=\"https:\/\/radiostudiow.com.br\/site\/wp-content\/uploads\/2024\/04\/image-15.png 897w, https:\/\/radiostudiow.com.br\/site\/wp-content\/uploads\/2024\/04\/image-15-300x68.png 300w, https:\/\/radiostudiow.com.br\/site\/wp-content\/uploads\/2024\/04\/image-15-768x175.png 768w\" sizes=\"auto, (max-width: 897px) 100vw, 897px\" \/><\/figure>\n\n\n\n<p>De acordo com a Pol\u00edcia, nessa quarta-feira equipes policiais j\u00e1 estavam realizando rondas pelo bairro a fim de refor\u00e7ar a seguran\u00e7a e tamb\u00e9m j\u00e1 havia a informa\u00e7\u00e3o de que uma pessoa em um ve\u00edculo VW\/Gol de cor preta, estava com intens\u00e3o de atear fogo na casa.<\/p>\n\n\n\n<p>O fogo foi contido pelo Corpo de Bombeiros. A Pol\u00edcia segue a\u00e7\u00f5es a fim de garantir a seguran\u00e7a no bairro.<\/p>\n\n\n\n<figure class=\"wp-block-image size-full is-resized\"><img loading=\"lazy\" decoding=\"async\" width=\"720\" height=\"405\" src=\"https:\/\/radiostudiow.com.br\/site\/wp-content\/uploads\/2025\/01\/image-3.png\" alt=\"\" class=\"wp-image-32361\" style=\"width:740px;height:auto\" srcset=\"https:\/\/radiostudiow.com.br\/site\/wp-content\/uploads\/2025\/01\/image-3.png 720w, https:\/\/radiostudiow.com.br\/site\/wp-content\/uploads\/2025\/01\/image-3-300x169.png 300w\" sizes=\"auto, (max-width: 720px) 100vw, 720px\" \/><\/figure>\n","protected":false},"excerpt":{"rendered":"<p>Uma casa ficou destru\u00edda por um inc\u00eandio criminoso, registrado por volta das 23 horas dessa quarta-feira, 01 de janeiro, no bairro S\u00e3o Jo\u00e3o na cidade de General Carneiro. A casa conforme informa\u00e7\u00f5es, seria de uma das pessoas envolvidas na briga generalizada que resultou em tr\u00eas pessoas baleadas e outras feridas, registrada na noite do dia [&hellip;]<\/p>\n","protected":false},"author":2,"featured_media":32362,"comment_status":"open","ping_status":"open","sticky":false,"template":"","format":"standard","meta":{"footnotes":""},"categories":[185],"tags":[172],"class_list":["post-32360","post","type-post","status-publish","format-standard","has-post-thumbnail","hentry","category-regional","tag-featured"],"amp_enabled":true,"_links":{"self":[{"href":"https:\/\/radiostudiow.com.br\/site\/wp-json\/wp\/v2\/posts\/32360","targetHints":{"allow":["GET"]}}],"collection":[{"href":"https:\/\/radiostudiow.com.br\/site\/wp-json\/wp\/v2\/posts"}],"about":[{"href":"https:\/\/radiostudiow.com.br\/site\/wp-json\/wp\/v2\/types\/post"}],"author":[{"embeddable":true,"href":"https:\/\/radiostudiow.com.br\/site\/wp-json\/wp\/v2\/users\/2"}],"replies":[{"embeddable":true,"href":"https:\/\/radiostudiow.com.br\/site\/wp-json\/wp\/v2\/comments?post=32360"}],"version-history":[{"count":1,"href":"https:\/\/radiostudiow.com.br\/site\/wp-json\/wp\/v2\/posts\/32360\/revisions"}],"predecessor-version":[{"id":32363,"href":"https:\/\/radiostudiow.com.br\/site\/wp-json\/wp\/v2\/posts\/32360\/revisions\/32363"}],"wp:featuredmedia":[{"embeddable":true,"href":"https:\/\/radiostudiow.com.br\/site\/wp-json\/wp\/v2\/media\/32362"}],"wp:attachment":[{"href":"https:\/\/radiostudiow.com.br\/site\/wp-json\/wp\/v2\/media?parent=32360"}],"wp:term":[{"taxonomy":"category","embeddable":true,"href":"https:\/\/radiostudiow.com.br\/site\/wp-json\/wp\/v2\/categories?post=32360"},{"taxonomy":"post_tag","embeddable":true,"href":"https:\/\/radiostudiow.com.br\/site\/wp-json\/wp\/v2\/tags?post=32360"}],"curies":[{"name":"wp","href":"https:\/\/api.w.org\/{rel}","templated":true}]}}