{"id":32368,"date":"2025-01-03T09:14:34","date_gmt":"2025-01-03T12:14:34","guid":{"rendered":"https:\/\/radiostudiow.com.br\/site\/?p=32368"},"modified":"2025-01-31T14:58:01","modified_gmt":"2025-01-31T17:58:01","slug":"homem-vai-ao-banheiro-e-morre-durante-a-virada-de-ano-em-reboucas","status":"publish","type":"post","link":"https:\/\/radiostudiow.com.br\/site\/2025\/01\/03\/homem-vai-ao-banheiro-e-morre-durante-a-virada-de-ano-em-reboucas\/","title":{"rendered":"Homem vai ao banheiro e morre durante a virada de ano em Rebou\u00e7as"},"content":{"rendered":"\n<p>A\u00a0Pol\u00edcia Militar de Rebou\u00e7as\u00a0foi acionada, na madrugada desta quarta-feira (01), para dar atendimento a uma ocorr\u00eancia de \u00f3bito na Vila Feliz.<\/p>\n\n\n\n<figure class=\"wp-block-image size-full\"><img loading=\"lazy\" decoding=\"async\" width=\"598\" height=\"204\" src=\"https:\/\/radiostudiow.com.br\/site\/wp-content\/uploads\/2024\/12\/image-95.png\" alt=\"\" class=\"wp-image-31919\" srcset=\"https:\/\/radiostudiow.com.br\/site\/wp-content\/uploads\/2024\/12\/image-95.png 598w, https:\/\/radiostudiow.com.br\/site\/wp-content\/uploads\/2024\/12\/image-95-300x102.png 300w\" sizes=\"auto, (max-width: 598px) 100vw, 598px\" \/><\/figure>\n\n\n\n<p>De acordo com informa\u00e7\u00f5es, por volta de 00h07, a equipe se deslocou at\u00e9 o local, onde j\u00e1 estava a Defesa Civil. Em contato com os agentes, eles relataram que um homem foi passar a virada de ano na casa de amigos e, em dado momento, ao ir ao banheiro, caiu no ch\u00e3o e faleceu.<\/p>\n\n\n\n<p>Como n\u00e3o havia sinais de agress\u00e3o e a morte foi por causas naturais, o corpo foi encaminhado pela Defesa Civil at\u00e9 o hospital municipal, onde o m\u00e9dico plantonista atestou o \u00f3bito.\u00a0Aos familiares, as mais sinceras condol\u00eancias.<\/p>\n","protected":false},"excerpt":{"rendered":"<p>A\u00a0Pol\u00edcia Militar de Rebou\u00e7as\u00a0foi acionada, na madrugada desta quarta-feira (01), para dar atendimento a uma ocorr\u00eancia de \u00f3bito na Vila Feliz. De acordo com informa\u00e7\u00f5es, por volta de 00h07, a equipe se deslocou at\u00e9 o local, onde j\u00e1 estava a Defesa Civil. Em contato com os agentes, eles relataram que um homem foi passar a [&hellip;]<\/p>\n","protected":false},"author":2,"featured_media":32384,"comment_status":"open","ping_status":"open","sticky":false,"template":"","format":"standard","meta":{"footnotes":""},"categories":[2],"tags":[172],"class_list":["post-32368","post","type-post","status-publish","format-standard","has-post-thumbnail","hentry","category-policial","tag-featured"],"amp_enabled":true,"_links":{"self":[{"href":"https:\/\/radiostudiow.com.br\/site\/wp-json\/wp\/v2\/posts\/32368","targetHints":{"allow":["GET"]}}],"collection":[{"href":"https:\/\/radiostudiow.com.br\/site\/wp-json\/wp\/v2\/posts"}],"about":[{"href":"https:\/\/radiostudiow.com.br\/site\/wp-json\/wp\/v2\/types\/post"}],"author":[{"embeddable":true,"href":"https:\/\/radiostudiow.com.br\/site\/wp-json\/wp\/v2\/users\/2"}],"replies":[{"embeddable":true,"href":"https:\/\/radiostudiow.com.br\/site\/wp-json\/wp\/v2\/comments?post=32368"}],"version-history":[{"count":2,"href":"https:\/\/radiostudiow.com.br\/site\/wp-json\/wp\/v2\/posts\/32368\/revisions"}],"predecessor-version":[{"id":32370,"href":"https:\/\/radiostudiow.com.br\/site\/wp-json\/wp\/v2\/posts\/32368\/revisions\/32370"}],"wp:featuredmedia":[{"embeddable":true,"href":"https:\/\/radiostudiow.com.br\/site\/wp-json\/wp\/v2\/media\/32384"}],"wp:attachment":[{"href":"https:\/\/radiostudiow.com.br\/site\/wp-json\/wp\/v2\/media?parent=32368"}],"wp:term":[{"taxonomy":"category","embeddable":true,"href":"https:\/\/radiostudiow.com.br\/site\/wp-json\/wp\/v2\/categories?post=32368"},{"taxonomy":"post_tag","embeddable":true,"href":"https:\/\/radiostudiow.com.br\/site\/wp-json\/wp\/v2\/tags?post=32368"}],"curies":[{"name":"wp","href":"https:\/\/api.w.org\/{rel}","templated":true}]}}