{"id":32371,"date":"2025-01-03T09:26:10","date_gmt":"2025-01-03T12:26:10","guid":{"rendered":"https:\/\/radiostudiow.com.br\/site\/?p=32371"},"modified":"2025-01-31T14:58:01","modified_gmt":"2025-01-31T17:58:01","slug":"pm-prende-motociclista-que-estava-embriagado-e-sofreu-queda-em-reboucas","status":"publish","type":"post","link":"https:\/\/radiostudiow.com.br\/site\/2025\/01\/03\/pm-prende-motociclista-que-estava-embriagado-e-sofreu-queda-em-reboucas\/","title":{"rendered":"PM prende motociclista que estava embriagado e sofreu queda em Rebou\u00e7as"},"content":{"rendered":"\n<p>Um condutor embriagado sofreu uma queda de sua motociclista na Vila Ester, em Rebou\u00e7as, na manh\u00e3 dess quarta-feira (01).<\/p>\n\n\n\n<p>Ele realizou o teste do baf\u00f4metro, que confirmou que ele havia bebido. O homem foi encaminhado para a Delegacia de Irati. J\u00e1 a moto foi recolhida ao p\u00e1tio do 2\u00ba Pelot\u00e3o da Pol\u00edcia Militar.<\/p>\n\n\n\n<figure class=\"wp-block-image size-full\"><img loading=\"lazy\" decoding=\"async\" width=\"598\" height=\"204\" src=\"https:\/\/radiostudiow.com.br\/site\/wp-content\/uploads\/2024\/04\/image-12.png\" alt=\"\" class=\"wp-image-21187\" srcset=\"https:\/\/radiostudiow.com.br\/site\/wp-content\/uploads\/2024\/04\/image-12.png 598w, https:\/\/radiostudiow.com.br\/site\/wp-content\/uploads\/2024\/04\/image-12-300x102.png 300w\" sizes=\"auto, (max-width: 598px) 100vw, 598px\" \/><\/figure>\n\n\n\n<p>Tamb\u00e9m em Rebou\u00e7as, duas situa\u00e7\u00f5es de perturba\u00e7\u00e3o de sossego foram registradas. Na Vila Ester, havia som alto em uma casa.<\/p>\n\n\n\n<p>J\u00e1 no centro da cidade foi constatado que algumas pessoas estavam soltando fogos de artif\u00edcio com barulho, o que \u00e9 proibido por uma lei municipal. <\/p>\n\n\n\n<p>Nas duas ocorr\u00eancias, os envolvidos foram notificados e orientados.<\/p>\n","protected":false},"excerpt":{"rendered":"<p>Um condutor embriagado sofreu uma queda de sua motociclista na Vila Ester, em Rebou\u00e7as, na manh\u00e3 dess quarta-feira (01). Ele realizou o teste do baf\u00f4metro, que confirmou que ele havia bebido. O homem foi encaminhado para a Delegacia de Irati. J\u00e1 a moto foi recolhida ao p\u00e1tio do 2\u00ba Pelot\u00e3o da Pol\u00edcia Militar. Tamb\u00e9m em [&hellip;]<\/p>\n","protected":false},"author":2,"featured_media":29740,"comment_status":"open","ping_status":"open","sticky":false,"template":"","format":"standard","meta":{"footnotes":""},"categories":[2],"tags":[172],"class_list":["post-32371","post","type-post","status-publish","format-standard","has-post-thumbnail","hentry","category-policial","tag-featured"],"amp_enabled":true,"_links":{"self":[{"href":"https:\/\/radiostudiow.com.br\/site\/wp-json\/wp\/v2\/posts\/32371","targetHints":{"allow":["GET"]}}],"collection":[{"href":"https:\/\/radiostudiow.com.br\/site\/wp-json\/wp\/v2\/posts"}],"about":[{"href":"https:\/\/radiostudiow.com.br\/site\/wp-json\/wp\/v2\/types\/post"}],"author":[{"embeddable":true,"href":"https:\/\/radiostudiow.com.br\/site\/wp-json\/wp\/v2\/users\/2"}],"replies":[{"embeddable":true,"href":"https:\/\/radiostudiow.com.br\/site\/wp-json\/wp\/v2\/comments?post=32371"}],"version-history":[{"count":2,"href":"https:\/\/radiostudiow.com.br\/site\/wp-json\/wp\/v2\/posts\/32371\/revisions"}],"predecessor-version":[{"id":32387,"href":"https:\/\/radiostudiow.com.br\/site\/wp-json\/wp\/v2\/posts\/32371\/revisions\/32387"}],"wp:featuredmedia":[{"embeddable":true,"href":"https:\/\/radiostudiow.com.br\/site\/wp-json\/wp\/v2\/media\/29740"}],"wp:attachment":[{"href":"https:\/\/radiostudiow.com.br\/site\/wp-json\/wp\/v2\/media?parent=32371"}],"wp:term":[{"taxonomy":"category","embeddable":true,"href":"https:\/\/radiostudiow.com.br\/site\/wp-json\/wp\/v2\/categories?post=32371"},{"taxonomy":"post_tag","embeddable":true,"href":"https:\/\/radiostudiow.com.br\/site\/wp-json\/wp\/v2\/tags?post=32371"}],"curies":[{"name":"wp","href":"https:\/\/api.w.org\/{rel}","templated":true}]}}