{"id":32388,"date":"2025-01-03T09:27:59","date_gmt":"2025-01-03T12:27:59","guid":{"rendered":"https:\/\/radiostudiow.com.br\/site\/?p=32388"},"modified":"2025-01-31T14:58:01","modified_gmt":"2025-01-31T17:58:01","slug":"janeiro-branco-mes-de-conscientizacao-da-saude-mental","status":"publish","type":"post","link":"https:\/\/radiostudiow.com.br\/site\/2025\/01\/03\/janeiro-branco-mes-de-conscientizacao-da-saude-mental\/","title":{"rendered":"Janeiro Branco &#8211; M\u00eas de conscientiza\u00e7\u00e3o da Sa\u00fade Mental"},"content":{"rendered":"\n<p>Acontece desde 2014, neste ano, o movimento Janeiro Branco nos convida a refletir sobre como cuidar da nossa sa\u00fade mental, destacando o tema <strong><em>&#8220;O que fazer pela sa\u00fade mental agora e sempre? De janeiro a janeiro.&#8221;<\/em><\/strong><\/p>\n\n\n\n<figure class=\"wp-block-image size-full\"><img loading=\"lazy\" decoding=\"async\" width=\"598\" height=\"204\" src=\"https:\/\/radiostudiow.com.br\/site\/wp-content\/uploads\/2024\/10\/labirati.png\" alt=\"\" class=\"wp-image-28854\" srcset=\"https:\/\/radiostudiow.com.br\/site\/wp-content\/uploads\/2024\/10\/labirati.png 598w, https:\/\/radiostudiow.com.br\/site\/wp-content\/uploads\/2024\/10\/labirati-300x102.png 300w\" sizes=\"auto, (max-width: 598px) 100vw, 598px\" \/><\/figure>\n\n\n\n<p>Essa campanha ressalta a import\u00e2ncia de olhar com aten\u00e7\u00e3o para nossas emo\u00e7\u00f5es, pensamentos e comportamentos, reconhecendo que a sa\u00fade mental \u00e9 essencial para uma vida equilibrada e plena.<\/p>\n\n\n\n<p>A sa\u00fade mental vai muito al\u00e9m do autocuidado. Ela pede cuidados individuais, atitudes institucionais e pol\u00edticas p\u00fablicas que promovam o bem-estar.<\/p>\n","protected":false},"excerpt":{"rendered":"<p>Acontece desde 2014, neste ano, o movimento Janeiro Branco nos convida a refletir sobre como cuidar da nossa sa\u00fade mental, destacando o tema &#8220;O que fazer pela sa\u00fade mental agora e sempre? De janeiro a janeiro.&#8221; Essa campanha ressalta a import\u00e2ncia de olhar com aten\u00e7\u00e3o para nossas emo\u00e7\u00f5es, pensamentos e comportamentos, reconhecendo que a sa\u00fade [&hellip;]<\/p>\n","protected":false},"author":2,"featured_media":32389,"comment_status":"open","ping_status":"open","sticky":false,"template":"","format":"standard","meta":{"footnotes":""},"categories":[7],"tags":[172],"class_list":["post-32388","post","type-post","status-publish","format-standard","has-post-thumbnail","hentry","category-geral","tag-featured"],"amp_enabled":true,"_links":{"self":[{"href":"https:\/\/radiostudiow.com.br\/site\/wp-json\/wp\/v2\/posts\/32388","targetHints":{"allow":["GET"]}}],"collection":[{"href":"https:\/\/radiostudiow.com.br\/site\/wp-json\/wp\/v2\/posts"}],"about":[{"href":"https:\/\/radiostudiow.com.br\/site\/wp-json\/wp\/v2\/types\/post"}],"author":[{"embeddable":true,"href":"https:\/\/radiostudiow.com.br\/site\/wp-json\/wp\/v2\/users\/2"}],"replies":[{"embeddable":true,"href":"https:\/\/radiostudiow.com.br\/site\/wp-json\/wp\/v2\/comments?post=32388"}],"version-history":[{"count":1,"href":"https:\/\/radiostudiow.com.br\/site\/wp-json\/wp\/v2\/posts\/32388\/revisions"}],"predecessor-version":[{"id":32390,"href":"https:\/\/radiostudiow.com.br\/site\/wp-json\/wp\/v2\/posts\/32388\/revisions\/32390"}],"wp:featuredmedia":[{"embeddable":true,"href":"https:\/\/radiostudiow.com.br\/site\/wp-json\/wp\/v2\/media\/32389"}],"wp:attachment":[{"href":"https:\/\/radiostudiow.com.br\/site\/wp-json\/wp\/v2\/media?parent=32388"}],"wp:term":[{"taxonomy":"category","embeddable":true,"href":"https:\/\/radiostudiow.com.br\/site\/wp-json\/wp\/v2\/categories?post=32388"},{"taxonomy":"post_tag","embeddable":true,"href":"https:\/\/radiostudiow.com.br\/site\/wp-json\/wp\/v2\/tags?post=32388"}],"curies":[{"name":"wp","href":"https:\/\/api.w.org\/{rel}","templated":true}]}}