{"id":32393,"date":"2025-01-03T09:46:29","date_gmt":"2025-01-03T12:46:29","guid":{"rendered":"https:\/\/radiostudiow.com.br\/site\/?p=32393"},"modified":"2025-01-31T14:58:01","modified_gmt":"2025-01-31T17:58:01","slug":"incendio-em-carreta-mobiliza-bombeiros-em-uniao-da-vitoria","status":"publish","type":"post","link":"https:\/\/radiostudiow.com.br\/site\/2025\/01\/03\/incendio-em-carreta-mobiliza-bombeiros-em-uniao-da-vitoria\/","title":{"rendered":"Inc\u00eandio em carreta mobiliza bombeiros em Uni\u00e3o da Vit\u00f3ria"},"content":{"rendered":"\n<p>Na noite desta quinta-feira, 02 de janeiro, o Corpo de Bombeiros de Uni\u00e3o da Vit\u00f3ria foi acionado para atender a um inc\u00eandio em uma carreta estacionada dentro de uma empresa localizada na Avenida Bento Munhoz da Rocha Neto, no bairro S\u00e3o Bernardo.<\/p>\n\n\n\n<p>De acordo com informa\u00e7\u00f5es obtidas no local, o propriet\u00e1rio do ve\u00edculo, uma carreta Scania carregada com bobinas de papel\u00e3o, suspeita de inc\u00eandio criminoso.<\/p>\n\n\n\n<figure class=\"wp-block-image size-large\"><img decoding=\"async\" src=\"https:\/\/radiostudiow.com.br\/site\/wp-content\/uploads\/2024\/12\/unnamed-file-1024x379.png\" alt=\"\" class=\"wp-image-32295\"\/><figcaption class=\"wp-element-caption\">AFUBRA IRATI: \ud83d\udcde(42) 3421-1700 \ud83d\udccd Rua Coronel Emilio Gomes, 399, Centro &#8211; Irati &#8211; PR<br>AFUBRA IMBITUVA: \ud83d\udcde(42) 3436-84003 \ud83d\udccd RUA Jacobe Brener, 830 &#8211; Centro, Imbituva &#8211; PR<br>https:\/\/www.lojasafubra.com.br<\/figcaption><\/figure>\n\n\n\n<p>Ele destacou que as baterias do caminh\u00e3o estavam intactas, o que poderia descartar uma causa el\u00e9trica.\u00a0No entanto, h\u00e1 a possibilidade de falha el\u00e9trica ou mec\u00e2nica, que ainda ser\u00e1 investigada.<\/p>\n\n\n\n<p>O inc\u00eandio causou preju\u00edzos significativos na cabine do caminh\u00e3o, mas n\u00e3o atingiu a carga de bobinas de papel\u00e3o.\u00a0O ve\u00edculo, com placas Mercosul, pertence a uma empresa local de Uni\u00e3o da Vit\u00f3ria.<\/p>\n","protected":false},"excerpt":{"rendered":"<p>Na noite desta quinta-feira, 02 de janeiro, o Corpo de Bombeiros de Uni\u00e3o da Vit\u00f3ria foi acionado para atender a um inc\u00eandio em uma carreta estacionada dentro de uma empresa localizada na Avenida Bento Munhoz da Rocha Neto, no bairro S\u00e3o Bernardo. De acordo com informa\u00e7\u00f5es obtidas no local, o propriet\u00e1rio do ve\u00edculo, uma carreta [&hellip;]<\/p>\n","protected":false},"author":2,"featured_media":32394,"comment_status":"open","ping_status":"open","sticky":false,"template":"","format":"standard","meta":{"footnotes":""},"categories":[185],"tags":[172],"class_list":["post-32393","post","type-post","status-publish","format-standard","has-post-thumbnail","hentry","category-regional","tag-featured"],"amp_enabled":true,"_links":{"self":[{"href":"https:\/\/radiostudiow.com.br\/site\/wp-json\/wp\/v2\/posts\/32393","targetHints":{"allow":["GET"]}}],"collection":[{"href":"https:\/\/radiostudiow.com.br\/site\/wp-json\/wp\/v2\/posts"}],"about":[{"href":"https:\/\/radiostudiow.com.br\/site\/wp-json\/wp\/v2\/types\/post"}],"author":[{"embeddable":true,"href":"https:\/\/radiostudiow.com.br\/site\/wp-json\/wp\/v2\/users\/2"}],"replies":[{"embeddable":true,"href":"https:\/\/radiostudiow.com.br\/site\/wp-json\/wp\/v2\/comments?post=32393"}],"version-history":[{"count":1,"href":"https:\/\/radiostudiow.com.br\/site\/wp-json\/wp\/v2\/posts\/32393\/revisions"}],"predecessor-version":[{"id":32395,"href":"https:\/\/radiostudiow.com.br\/site\/wp-json\/wp\/v2\/posts\/32393\/revisions\/32395"}],"wp:featuredmedia":[{"embeddable":true,"href":"https:\/\/radiostudiow.com.br\/site\/wp-json\/wp\/v2\/media\/32394"}],"wp:attachment":[{"href":"https:\/\/radiostudiow.com.br\/site\/wp-json\/wp\/v2\/media?parent=32393"}],"wp:term":[{"taxonomy":"category","embeddable":true,"href":"https:\/\/radiostudiow.com.br\/site\/wp-json\/wp\/v2\/categories?post=32393"},{"taxonomy":"post_tag","embeddable":true,"href":"https:\/\/radiostudiow.com.br\/site\/wp-json\/wp\/v2\/tags?post=32393"}],"curies":[{"name":"wp","href":"https:\/\/api.w.org\/{rel}","templated":true}]}}