{"id":32400,"date":"2025-01-03T09:57:58","date_gmt":"2025-01-03T12:57:58","guid":{"rendered":"https:\/\/radiostudiow.com.br\/site\/?p=32400"},"modified":"2025-01-31T14:58:01","modified_gmt":"2025-01-31T17:58:01","slug":"hospital-de-mafra-procura-familia-de-paciente-internado-em-estado-grave","status":"publish","type":"post","link":"https:\/\/radiostudiow.com.br\/site\/2025\/01\/03\/hospital-de-mafra-procura-familia-de-paciente-internado-em-estado-grave\/","title":{"rendered":"Hospital de Mafra procura fam\u00edlia de paciente internado em estado grave"},"content":{"rendered":"\n<p>O Hospital S\u00e3o Vicente de Paulo, de Mafra, busca por familiares de um paciente que est\u00e1 internado em estado grave em uma das Unidades de Terapia Intensiva (UTIs) da unidade de sa\u00fade. Trata-se de <strong>Miguel Tiburcio, de 58 anos.<\/strong><\/p>\n\n\n\n<figure class=\"wp-block-image size-full\"><img loading=\"lazy\" decoding=\"async\" width=\"897\" height=\"204\" src=\"https:\/\/radiostudiow.com.br\/site\/wp-content\/uploads\/2024\/12\/SEPAC.png\" alt=\"\" class=\"wp-image-32250\" srcset=\"https:\/\/radiostudiow.com.br\/site\/wp-content\/uploads\/2024\/12\/SEPAC.png 897w, https:\/\/radiostudiow.com.br\/site\/wp-content\/uploads\/2024\/12\/SEPAC-300x68.png 300w, https:\/\/radiostudiow.com.br\/site\/wp-content\/uploads\/2024\/12\/SEPAC-768x175.png 768w\" sizes=\"auto, (max-width: 897px) 100vw, 897px\" \/><\/figure>\n\n\n\n<p>De acordo com a carteira de identidade do paciente, ele \u00e9 natural de Papanduva. Por\u00e9m, a not\u00edcia da procura por seus familiares foi veiculada pelas r\u00e1dios de Itai\u00f3polis e Papanduva, e ouvintes comentaram que \u00e9 poss\u00edvel que a fam\u00edlia de Miguel possa ser de Canoinhas.<\/p>\n\n\n\n<p>Para mais informa\u00e7\u00f5es, os familiares de Miguel devem entrar em contato com Hospital S\u00e3o Vicente de Paulo. O telefone de contato do hospital \u00e9 o&nbsp;<a href=\"http:\/\/www.hsvpmafra.org.br\/contato\/\">(47) 3641-3600<\/a>.<\/p>\n","protected":false},"excerpt":{"rendered":"<p>O Hospital S\u00e3o Vicente de Paulo, de Mafra, busca por familiares de um paciente que est\u00e1 internado em estado grave em uma das Unidades de Terapia Intensiva (UTIs) da unidade de sa\u00fade. Trata-se de Miguel Tiburcio, de 58 anos. De acordo com a carteira de identidade do paciente, ele \u00e9 natural de Papanduva. Por\u00e9m, a [&hellip;]<\/p>\n","protected":false},"author":2,"featured_media":32401,"comment_status":"open","ping_status":"open","sticky":false,"template":"","format":"standard","meta":{"footnotes":""},"categories":[185],"tags":[172],"class_list":["post-32400","post","type-post","status-publish","format-standard","has-post-thumbnail","hentry","category-regional","tag-featured"],"amp_enabled":true,"_links":{"self":[{"href":"https:\/\/radiostudiow.com.br\/site\/wp-json\/wp\/v2\/posts\/32400","targetHints":{"allow":["GET"]}}],"collection":[{"href":"https:\/\/radiostudiow.com.br\/site\/wp-json\/wp\/v2\/posts"}],"about":[{"href":"https:\/\/radiostudiow.com.br\/site\/wp-json\/wp\/v2\/types\/post"}],"author":[{"embeddable":true,"href":"https:\/\/radiostudiow.com.br\/site\/wp-json\/wp\/v2\/users\/2"}],"replies":[{"embeddable":true,"href":"https:\/\/radiostudiow.com.br\/site\/wp-json\/wp\/v2\/comments?post=32400"}],"version-history":[{"count":1,"href":"https:\/\/radiostudiow.com.br\/site\/wp-json\/wp\/v2\/posts\/32400\/revisions"}],"predecessor-version":[{"id":32402,"href":"https:\/\/radiostudiow.com.br\/site\/wp-json\/wp\/v2\/posts\/32400\/revisions\/32402"}],"wp:featuredmedia":[{"embeddable":true,"href":"https:\/\/radiostudiow.com.br\/site\/wp-json\/wp\/v2\/media\/32401"}],"wp:attachment":[{"href":"https:\/\/radiostudiow.com.br\/site\/wp-json\/wp\/v2\/media?parent=32400"}],"wp:term":[{"taxonomy":"category","embeddable":true,"href":"https:\/\/radiostudiow.com.br\/site\/wp-json\/wp\/v2\/categories?post=32400"},{"taxonomy":"post_tag","embeddable":true,"href":"https:\/\/radiostudiow.com.br\/site\/wp-json\/wp\/v2\/tags?post=32400"}],"curies":[{"name":"wp","href":"https:\/\/api.w.org\/{rel}","templated":true}]}}