{"id":32406,"date":"2025-01-03T10:36:37","date_gmt":"2025-01-03T13:36:37","guid":{"rendered":"https:\/\/radiostudiow.com.br\/site\/?p=32406"},"modified":"2025-01-31T14:58:01","modified_gmt":"2025-01-31T17:58:01","slug":"homem-e-encaminhado-para-hospital-de-mallet-apos-sofrer-agressao-em-bar","status":"publish","type":"post","link":"https:\/\/radiostudiow.com.br\/site\/2025\/01\/03\/homem-e-encaminhado-para-hospital-de-mallet-apos-sofrer-agressao-em-bar\/","title":{"rendered":"Homem \u00e9 encaminhado para hospital de Mallet ap\u00f3s sofrer agress\u00e3o em bar"},"content":{"rendered":"\n<p>A equipe da Pol\u00edcia Militar de Mallet foi acionada para verificar uma situa\u00e7\u00e3o de rixa na \u00e1rea central da cidade por volta das 20:16 horas dessa quinta-feira (02).<\/p>\n\n\n\n<figure class=\"wp-block-image size-full\"><img loading=\"lazy\" decoding=\"async\" width=\"897\" height=\"204\" src=\"https:\/\/radiostudiow.com.br\/site\/wp-content\/uploads\/2024\/04\/image-50.png\" alt=\"\" class=\"wp-image-21368\" srcset=\"https:\/\/radiostudiow.com.br\/site\/wp-content\/uploads\/2024\/04\/image-50.png 897w, https:\/\/radiostudiow.com.br\/site\/wp-content\/uploads\/2024\/04\/image-50-300x68.png 300w, https:\/\/radiostudiow.com.br\/site\/wp-content\/uploads\/2024\/04\/image-50-768x175.png 768w\" sizes=\"auto, (max-width: 897px) 100vw, 897px\" \/><\/figure>\n\n\n\n<p>Durante o deslocamento da equipe policial para o local, se de parou com um indiv\u00edduo em via \u0301publica com v\u00e1rias escoria\u00e7\u00f5es pelo corpo. O qual relatou que estava em um bar e ap\u00f3s uma discuss\u00e3o foi agredido por v\u00e1rias pessoas, sendo que em seguida tomaram rumo ignorado.<\/p>\n\n\n\n<p>A v\u00edtima foi encaminhada at\u00e9 o hospital de Mallet para receber atendimento m\u00e9dico. Em seguida foi realizado patrulhamento nas proximidades, por\u00e9m, os agressores n\u00e3o foram encontrados.<\/p>\n","protected":false},"excerpt":{"rendered":"<p>A equipe da Pol\u00edcia Militar de Mallet foi acionada para verificar uma situa\u00e7\u00e3o de rixa na \u00e1rea central da cidade por volta das 20:16 horas dessa quinta-feira (02). Durante o deslocamento da equipe policial para o local, se de parou com um indiv\u00edduo em via \u0301publica com v\u00e1rias escoria\u00e7\u00f5es pelo corpo. O qual relatou que [&hellip;]<\/p>\n","protected":false},"author":2,"featured_media":32240,"comment_status":"open","ping_status":"open","sticky":false,"template":"","format":"standard","meta":{"footnotes":""},"categories":[2],"tags":[172],"class_list":["post-32406","post","type-post","status-publish","format-standard","has-post-thumbnail","hentry","category-policial","tag-featured"],"amp_enabled":true,"_links":{"self":[{"href":"https:\/\/radiostudiow.com.br\/site\/wp-json\/wp\/v2\/posts\/32406","targetHints":{"allow":["GET"]}}],"collection":[{"href":"https:\/\/radiostudiow.com.br\/site\/wp-json\/wp\/v2\/posts"}],"about":[{"href":"https:\/\/radiostudiow.com.br\/site\/wp-json\/wp\/v2\/types\/post"}],"author":[{"embeddable":true,"href":"https:\/\/radiostudiow.com.br\/site\/wp-json\/wp\/v2\/users\/2"}],"replies":[{"embeddable":true,"href":"https:\/\/radiostudiow.com.br\/site\/wp-json\/wp\/v2\/comments?post=32406"}],"version-history":[{"count":1,"href":"https:\/\/radiostudiow.com.br\/site\/wp-json\/wp\/v2\/posts\/32406\/revisions"}],"predecessor-version":[{"id":32407,"href":"https:\/\/radiostudiow.com.br\/site\/wp-json\/wp\/v2\/posts\/32406\/revisions\/32407"}],"wp:featuredmedia":[{"embeddable":true,"href":"https:\/\/radiostudiow.com.br\/site\/wp-json\/wp\/v2\/media\/32240"}],"wp:attachment":[{"href":"https:\/\/radiostudiow.com.br\/site\/wp-json\/wp\/v2\/media?parent=32406"}],"wp:term":[{"taxonomy":"category","embeddable":true,"href":"https:\/\/radiostudiow.com.br\/site\/wp-json\/wp\/v2\/categories?post=32406"},{"taxonomy":"post_tag","embeddable":true,"href":"https:\/\/radiostudiow.com.br\/site\/wp-json\/wp\/v2\/tags?post=32406"}],"curies":[{"name":"wp","href":"https:\/\/api.w.org\/{rel}","templated":true}]}}