{"id":32409,"date":"2025-01-03T19:03:52","date_gmt":"2025-01-03T22:03:52","guid":{"rendered":"https:\/\/radiostudiow.com.br\/site\/?p=32409"},"modified":"2025-01-31T14:58:01","modified_gmt":"2025-01-31T17:58:01","slug":"agressao-em-reboucas-termina-com-prisao-de-ex-companheiro","status":"publish","type":"post","link":"https:\/\/radiostudiow.com.br\/site\/2025\/01\/03\/agressao-em-reboucas-termina-com-prisao-de-ex-companheiro\/","title":{"rendered":"Agress\u00e3o termina com pris\u00e3o em Rebou\u00e7as"},"content":{"rendered":"\n<p>Uma menor compareceu ao 2\u00ba Pelot\u00e3o de Rebou\u00e7as acompanhada de sua m\u00e3e e padrasto, al\u00e9m do ex-companheiro, para registrar uma ocorr\u00eancia de agress\u00e3o nessa quinta-feira (02).<\/p>\n\n\n\n<figure class=\"wp-block-image size-full\"><img loading=\"lazy\" decoding=\"async\" width=\"590\" height=\"204\" src=\"https:\/\/radiostudiow.com.br\/site\/wp-content\/uploads\/2024\/04\/image-9.png\" alt=\"\" class=\"wp-image-21181\" srcset=\"https:\/\/radiostudiow.com.br\/site\/wp-content\/uploads\/2024\/04\/image-9.png 590w, https:\/\/radiostudiow.com.br\/site\/wp-content\/uploads\/2024\/04\/image-9-300x104.png 300w\" sizes=\"auto, (max-width: 590px) 100vw, 590px\" \/><\/figure>\n\n\n\n<p>A v\u00edtima relatou que havia se separado do companheiro h\u00e1 duas semanas e que, ao chegar em sua resid\u00eancia, na Vila Cruzeiro, encontrou a janela aberta e o ex-companheiro dentro da casa, bastante alterado. Al\u00e9m disso, a TV de 32 polegadas estava quebrada.<\/p>\n\n\n\n<p>Ao tentar ligar para a m\u00e3e, o ex-companheiro tomou o celular da v\u00edtima e o quebrou. Em seguida, a agrediu com dois tapas no rosto e queimou sua face com um cigarro, causando les\u00f5es.<\/p>\n\n\n\n<figure class=\"wp-block-image size-full\"><img decoding=\"async\" src=\"https:\/\/radiostudiow.com.br\/site\/wp-content\/uploads\/2024\/04\/image-45.png\" alt=\"\" class=\"wp-image-21394\"\/><\/figure>\n\n\n\n<p>Ap\u00f3s a agress\u00e3o, o autor fugiu do local. A v\u00edtima procurou ajuda na casa de sua m\u00e3e e, ao retornar com ela e o padrasto, encontraram o autor em via p\u00fablica. Ap\u00f3s uma discuss\u00e3o, todos entraram em um ve\u00edculo e se dirigiram ao Pelot\u00e3o de Pol\u00edcia Militar para prestar depoimentos.<\/p>\n\n\n\n<p>Diante das evid\u00eancias, o agressor recebeu voz de pris\u00e3o e foi encaminhado, junto com a v\u00edtima, ao Hospital Darcy Vargas para laudo m\u00e9dico. Posteriormente, foram levados \u00e0 Delegacia Civil de Irati para provid\u00eancias cab\u00edveis.<\/p>\n\n\n\n<p><em>Com informa\u00e7\u00f5es da Pol\u00edcia Militar.<\/em><a href=\"https:\/\/api.whatsapp.com\/send?text=Agress%C3%A3o%20em%20Rebou%C3%A7as%20termina%20com%20pris%C3%A3o%20de%20ex-companheiro%20-%20https:\/\/alvoradanoar.com.br\/noticia\/684520\" target=\"_blank\" rel=\"noreferrer noopener\"><\/a><\/p>\n","protected":false},"excerpt":{"rendered":"<p>Uma menor compareceu ao 2\u00ba Pelot\u00e3o de Rebou\u00e7as acompanhada de sua m\u00e3e e padrasto, al\u00e9m do ex-companheiro, para registrar uma ocorr\u00eancia de agress\u00e3o nessa quinta-feira (02). A v\u00edtima relatou que havia se separado do companheiro h\u00e1 duas semanas e que, ao chegar em sua resid\u00eancia, na Vila Cruzeiro, encontrou a janela aberta e o ex-companheiro [&hellip;]<\/p>\n","protected":false},"author":2,"featured_media":0,"comment_status":"open","ping_status":"open","sticky":false,"template":"","format":"standard","meta":{"footnotes":""},"categories":[2],"tags":[172],"class_list":["post-32409","post","type-post","status-publish","format-standard","hentry","category-policial","tag-featured"],"amp_enabled":true,"_links":{"self":[{"href":"https:\/\/radiostudiow.com.br\/site\/wp-json\/wp\/v2\/posts\/32409","targetHints":{"allow":["GET"]}}],"collection":[{"href":"https:\/\/radiostudiow.com.br\/site\/wp-json\/wp\/v2\/posts"}],"about":[{"href":"https:\/\/radiostudiow.com.br\/site\/wp-json\/wp\/v2\/types\/post"}],"author":[{"embeddable":true,"href":"https:\/\/radiostudiow.com.br\/site\/wp-json\/wp\/v2\/users\/2"}],"replies":[{"embeddable":true,"href":"https:\/\/radiostudiow.com.br\/site\/wp-json\/wp\/v2\/comments?post=32409"}],"version-history":[{"count":2,"href":"https:\/\/radiostudiow.com.br\/site\/wp-json\/wp\/v2\/posts\/32409\/revisions"}],"predecessor-version":[{"id":32411,"href":"https:\/\/radiostudiow.com.br\/site\/wp-json\/wp\/v2\/posts\/32409\/revisions\/32411"}],"wp:attachment":[{"href":"https:\/\/radiostudiow.com.br\/site\/wp-json\/wp\/v2\/media?parent=32409"}],"wp:term":[{"taxonomy":"category","embeddable":true,"href":"https:\/\/radiostudiow.com.br\/site\/wp-json\/wp\/v2\/categories?post=32409"},{"taxonomy":"post_tag","embeddable":true,"href":"https:\/\/radiostudiow.com.br\/site\/wp-json\/wp\/v2\/tags?post=32409"}],"curies":[{"name":"wp","href":"https:\/\/api.w.org\/{rel}","templated":true}]}}