{"id":32413,"date":"2025-01-03T20:01:47","date_gmt":"2025-01-03T23:01:47","guid":{"rendered":"https:\/\/radiostudiow.com.br\/site\/?p=32413"},"modified":"2025-01-31T14:58:01","modified_gmt":"2025-01-31T17:58:01","slug":"identificado-o-homem-que-perdeu-a-vida-por-afogamento-em-rio-de-cruz-machado","status":"publish","type":"post","link":"https:\/\/radiostudiow.com.br\/site\/2025\/01\/03\/identificado-o-homem-que-perdeu-a-vida-por-afogamento-em-rio-de-cruz-machado\/","title":{"rendered":"Identificado o homem que perdeu a vida por afogamento em rio de Cruz Machado"},"content":{"rendered":"\n<p>Um homem, identificado como&nbsp;Silvio Schmidt de 39 anos, que perdeu a vida ap\u00f3s se afogar em um rio na regi\u00e3o de Santana do Cruz Machado.<\/p>\n\n\n\n<p>O tr\u00e1gico incidente ocorreu na tarde desta quinta-feira, 02 de janeiro, quando familiares de Silvio localizaram o corpo e imediatamente acionaram as equipes de socorro.<\/p>\n\n\n\n<figure class=\"wp-block-image size-full\"><img loading=\"lazy\" decoding=\"async\" width=\"897\" height=\"204\" src=\"https:\/\/radiostudiow.com.br\/site\/wp-content\/uploads\/2024\/04\/image-15.png\" alt=\"\" class=\"wp-image-21199\" srcset=\"https:\/\/radiostudiow.com.br\/site\/wp-content\/uploads\/2024\/04\/image-15.png 897w, https:\/\/radiostudiow.com.br\/site\/wp-content\/uploads\/2024\/04\/image-15-300x68.png 300w, https:\/\/radiostudiow.com.br\/site\/wp-content\/uploads\/2024\/04\/image-15-768x175.png 768w\" sizes=\"auto, (max-width: 897px) 100vw, 897px\" \/><\/figure>\n\n\n\n<p>Os socorristas chegaram ao local e constataram o \u00f3bito. A Pol\u00edcia Militar foi chamada para realizar o isolamento da \u00e1rea e garantir a seguran\u00e7a no local. Posteriormente, os \u00f3rg\u00e3os competentes foram acionados para dar sequ\u00eancia \u00e0s provid\u00eancias necess\u00e1rias.<\/p>\n\n\n\n<p><\/p>\n","protected":false},"excerpt":{"rendered":"<p>Um homem, identificado como&nbsp;Silvio Schmidt de 39 anos, que perdeu a vida ap\u00f3s se afogar em um rio na regi\u00e3o de Santana do Cruz Machado. O tr\u00e1gico incidente ocorreu na tarde desta quinta-feira, 02 de janeiro, quando familiares de Silvio localizaram o corpo e imediatamente acionaram as equipes de socorro. Os socorristas chegaram ao local [&hellip;]<\/p>\n","protected":false},"author":2,"featured_media":32435,"comment_status":"open","ping_status":"open","sticky":false,"template":"","format":"standard","meta":{"footnotes":""},"categories":[185],"tags":[172],"class_list":["post-32413","post","type-post","status-publish","format-standard","has-post-thumbnail","hentry","category-regional","tag-featured"],"amp_enabled":true,"_links":{"self":[{"href":"https:\/\/radiostudiow.com.br\/site\/wp-json\/wp\/v2\/posts\/32413","targetHints":{"allow":["GET"]}}],"collection":[{"href":"https:\/\/radiostudiow.com.br\/site\/wp-json\/wp\/v2\/posts"}],"about":[{"href":"https:\/\/radiostudiow.com.br\/site\/wp-json\/wp\/v2\/types\/post"}],"author":[{"embeddable":true,"href":"https:\/\/radiostudiow.com.br\/site\/wp-json\/wp\/v2\/users\/2"}],"replies":[{"embeddable":true,"href":"https:\/\/radiostudiow.com.br\/site\/wp-json\/wp\/v2\/comments?post=32413"}],"version-history":[{"count":2,"href":"https:\/\/radiostudiow.com.br\/site\/wp-json\/wp\/v2\/posts\/32413\/revisions"}],"predecessor-version":[{"id":32436,"href":"https:\/\/radiostudiow.com.br\/site\/wp-json\/wp\/v2\/posts\/32413\/revisions\/32436"}],"wp:featuredmedia":[{"embeddable":true,"href":"https:\/\/radiostudiow.com.br\/site\/wp-json\/wp\/v2\/media\/32435"}],"wp:attachment":[{"href":"https:\/\/radiostudiow.com.br\/site\/wp-json\/wp\/v2\/media?parent=32413"}],"wp:term":[{"taxonomy":"category","embeddable":true,"href":"https:\/\/radiostudiow.com.br\/site\/wp-json\/wp\/v2\/categories?post=32413"},{"taxonomy":"post_tag","embeddable":true,"href":"https:\/\/radiostudiow.com.br\/site\/wp-json\/wp\/v2\/tags?post=32413"}],"curies":[{"name":"wp","href":"https:\/\/api.w.org\/{rel}","templated":true}]}}