{"id":32416,"date":"2025-01-03T20:00:22","date_gmt":"2025-01-03T23:00:22","guid":{"rendered":"https:\/\/radiostudiow.com.br\/site\/?p=32416"},"modified":"2025-01-31T14:58:01","modified_gmt":"2025-01-31T17:58:01","slug":"menor-e-agredida-queimada-e-tem-celular-quebrado-pelo-ex-em-reboucas","status":"publish","type":"post","link":"https:\/\/radiostudiow.com.br\/site\/2025\/01\/03\/menor-e-agredida-queimada-e-tem-celular-quebrado-pelo-ex-em-reboucas\/","title":{"rendered":"Menor \u00e9 agredida, queimada e tem celular quebrado pelo \u2018ex\u2019 em Rebou\u00e7as"},"content":{"rendered":"\n<p>A equipe da&nbsp;Pol\u00edcia Militar de&nbsp;Rebou\u00e7as foi acionada para atender uma situ\u00e7\u00e3o de les\u00e3o corporal envolvendo uma adolescente e seu ex-convivente nessa quinta-feira, 02 de janeiro, nos&nbsp;Campos Gerais.<\/p>\n\n\n\n<figure class=\"wp-block-image size-full\"><img loading=\"lazy\" decoding=\"async\" width=\"300\" height=\"180\" src=\"https:\/\/radiostudiow.com.br\/site\/wp-content\/uploads\/2024\/04\/SITE-PEQUENO.png\" alt=\"\" class=\"wp-image-21712\"\/><\/figure>\n\n\n\n<p>Conforme os agentes da PM, uma menor de idade, juntamente de seu ex-convivente, sua m\u00e3e e seu padrasto, relatou que se separou h\u00e1 duas semanas e que o seu \u2018ex\u2019 j\u00e1 havia sa\u00eddo da casa. Por\u00e9m,&nbsp;ao chegar em sua resid\u00eancia, a adolescente percebeu que&nbsp;a janela estava aberta e, assim que entrou, se deparou com o \u2018ex\u2019 no interior da resid\u00eancia, bastante alterado. Ela ainda notou que a televis\u00e3o de 32 polegadas estava quebrada.<\/p>\n\n\n\n<p>No entanto, no momento em que a v\u00edtima ligaria para a sua m\u00e3e, o homem tomou o seu celular e o quebrou. Em seguida, ele agrediu a menina com tapas no rosto e queimou a sua face com um cigarro, causando les\u00f5es.<\/p>\n\n\n\n<figure class=\"wp-block-image size-full\"><img loading=\"lazy\" decoding=\"async\" width=\"897\" height=\"204\" src=\"https:\/\/radiostudiow.com.br\/site\/wp-content\/uploads\/2024\/12\/SEPAC.png\" alt=\"\" class=\"wp-image-32250\" srcset=\"https:\/\/radiostudiow.com.br\/site\/wp-content\/uploads\/2024\/12\/SEPAC.png 897w, https:\/\/radiostudiow.com.br\/site\/wp-content\/uploads\/2024\/12\/SEPAC-300x68.png 300w, https:\/\/radiostudiow.com.br\/site\/wp-content\/uploads\/2024\/12\/SEPAC-768x175.png 768w\" sizes=\"auto, (max-width: 897px) 100vw, 897px\" \/><\/figure>\n\n\n\n<p>Ap\u00f3s o ocorrido, o suspeito teria se evadido do local e a adolescente foi at\u00e9 a casa de sua m\u00e3e pedir ajuda. Contudo, quando estava retornando para a sua resid\u00eancia com a m\u00e3e e o padrasto, o homem foi visto em via p\u00fablica, momento em que tiveram uma discuss\u00e3o. Na sequ\u00eancia, todos entraram no ve\u00edculo e se deslocaram at\u00e9 o Pelot\u00e3o de Pol\u00edcia Militar.<\/p>\n\n\n\n<p>Diante do exposto, o agressor foi preso e a v\u00edtima foi encaminhada ao Hospital Darcy Vargas. Posteriormente, os envolvidos foram levados para a Delegacia de Pol\u00edcia Civil de Irati para provid\u00eancias cab\u00edveis.<\/p>\n","protected":false},"excerpt":{"rendered":"<p>A equipe da&nbsp;Pol\u00edcia Militar de&nbsp;Rebou\u00e7as foi acionada para atender uma situ\u00e7\u00e3o de les\u00e3o corporal envolvendo uma adolescente e seu ex-convivente nessa quinta-feira, 02 de janeiro, nos&nbsp;Campos Gerais. Conforme os agentes da PM, uma menor de idade, juntamente de seu ex-convivente, sua m\u00e3e e seu padrasto, relatou que se separou h\u00e1 duas semanas e que o [&hellip;]<\/p>\n","protected":false},"author":2,"featured_media":27578,"comment_status":"open","ping_status":"open","sticky":false,"template":"","format":"standard","meta":{"footnotes":""},"categories":[2],"tags":[172],"class_list":["post-32416","post","type-post","status-publish","format-standard","has-post-thumbnail","hentry","category-policial","tag-featured"],"amp_enabled":true,"_links":{"self":[{"href":"https:\/\/radiostudiow.com.br\/site\/wp-json\/wp\/v2\/posts\/32416","targetHints":{"allow":["GET"]}}],"collection":[{"href":"https:\/\/radiostudiow.com.br\/site\/wp-json\/wp\/v2\/posts"}],"about":[{"href":"https:\/\/radiostudiow.com.br\/site\/wp-json\/wp\/v2\/types\/post"}],"author":[{"embeddable":true,"href":"https:\/\/radiostudiow.com.br\/site\/wp-json\/wp\/v2\/users\/2"}],"replies":[{"embeddable":true,"href":"https:\/\/radiostudiow.com.br\/site\/wp-json\/wp\/v2\/comments?post=32416"}],"version-history":[{"count":3,"href":"https:\/\/radiostudiow.com.br\/site\/wp-json\/wp\/v2\/posts\/32416\/revisions"}],"predecessor-version":[{"id":32434,"href":"https:\/\/radiostudiow.com.br\/site\/wp-json\/wp\/v2\/posts\/32416\/revisions\/32434"}],"wp:featuredmedia":[{"embeddable":true,"href":"https:\/\/radiostudiow.com.br\/site\/wp-json\/wp\/v2\/media\/27578"}],"wp:attachment":[{"href":"https:\/\/radiostudiow.com.br\/site\/wp-json\/wp\/v2\/media?parent=32416"}],"wp:term":[{"taxonomy":"category","embeddable":true,"href":"https:\/\/radiostudiow.com.br\/site\/wp-json\/wp\/v2\/categories?post=32416"},{"taxonomy":"post_tag","embeddable":true,"href":"https:\/\/radiostudiow.com.br\/site\/wp-json\/wp\/v2\/tags?post=32416"}],"curies":[{"name":"wp","href":"https:\/\/api.w.org\/{rel}","templated":true}]}}