{"id":32424,"date":"2025-01-03T19:20:26","date_gmt":"2025-01-03T22:20:26","guid":{"rendered":"https:\/\/radiostudiow.com.br\/site\/?p=32424"},"modified":"2025-01-31T14:58:01","modified_gmt":"2025-01-31T17:58:01","slug":"homens-sao-presos-em-imbituva-apos-serem-flagrados-com-municoes-de-calibre-12","status":"publish","type":"post","link":"https:\/\/radiostudiow.com.br\/site\/2025\/01\/03\/homens-sao-presos-em-imbituva-apos-serem-flagrados-com-municoes-de-calibre-12\/","title":{"rendered":"Homens s\u00e3o presos em Imbituva ap\u00f3s serem flagrados com muni\u00e7\u00f5es de calibre 12"},"content":{"rendered":"\n<p>Uma equipe policial realizava um patrulhamento de rotina pela \u00e1rea central de Imbituva quando avistou quatro homens em torno de um ve\u00edculo parado e outros ocupantes dentro de outro ve\u00edculo estacionado pr\u00f3ximo nesta quinta-feira (02).<\/p>\n\n\n\n<figure class=\"wp-block-image size-full\"><img loading=\"lazy\" decoding=\"async\" width=\"897\" height=\"204\" src=\"https:\/\/radiostudiow.com.br\/site\/wp-content\/uploads\/2024\/04\/image-51.png\" alt=\"\" class=\"wp-image-21370\" srcset=\"https:\/\/radiostudiow.com.br\/site\/wp-content\/uploads\/2024\/04\/image-51.png 897w, https:\/\/radiostudiow.com.br\/site\/wp-content\/uploads\/2024\/04\/image-51-300x68.png 300w, https:\/\/radiostudiow.com.br\/site\/wp-content\/uploads\/2024\/04\/image-51-768x175.png 768w\" sizes=\"auto, (max-width: 897px) 100vw, 897px\" \/><\/figure>\n\n\n\n<p>&nbsp;Durante a abordagem, os policiais n\u00e3o encontraram nada de il\u00edcito com os suspeitos, mas, ao realizarem uma busca veicular, localizaram duas muni\u00e7\u00f5es intactas de calibre 12 no banco traseiro de um dos ve\u00edculos. O propriet\u00e1rio do ve\u00edculo e os demais ocupantes alegaram desconhecimento das muni\u00e7\u00f5es.<\/p>\n\n\n\n<p>&nbsp;Diante dos fatos, a equipe decidiu encaminhar todos os envolvidos para apresenta\u00e7\u00e3o \u00e0 autoridade judici\u00e1ria. No entanto, durante a chegada ao pelot\u00e3o da Pol\u00edcia Militar, um dos conduzidos coagiu e amea\u00e7ou outro, sugerindo que ele assumisse a responsabilidade pelas muni\u00e7\u00f5es.<\/p>\n\n\n\n<p>\u00a0Os envolvidos foram conduzidos \u00e0 Delegacia de Pol\u00edcia Civil de Irati para provid\u00eancias cab\u00edveis.<\/p>\n\n\n\n<p><a href=\"https:\/\/api.whatsapp.com\/send?text=Homens%20s%C3%A3o%20presos%20em%20Imbituva%20ap%C3%B3s%20serem%20flagrados%20com%20muni%C3%A7%C3%B5es%20de%20calibre%2012%20-%20https:\/\/alvoradanoar.com.br\/noticia\/684495\" target=\"_blank\" rel=\"noreferrer noopener\"><\/a><\/p>\n","protected":false},"excerpt":{"rendered":"<p>Uma equipe policial realizava um patrulhamento de rotina pela \u00e1rea central de Imbituva quando avistou quatro homens em torno de um ve\u00edculo parado e outros ocupantes dentro de outro ve\u00edculo estacionado pr\u00f3ximo nesta quinta-feira (02). &nbsp;Durante a abordagem, os policiais n\u00e3o encontraram nada de il\u00edcito com os suspeitos, mas, ao realizarem uma busca veicular, localizaram [&hellip;]<\/p>\n","protected":false},"author":2,"featured_media":32427,"comment_status":"open","ping_status":"open","sticky":false,"template":"","format":"standard","meta":{"footnotes":""},"categories":[2],"tags":[172],"class_list":["post-32424","post","type-post","status-publish","format-standard","has-post-thumbnail","hentry","category-policial","tag-featured"],"amp_enabled":true,"_links":{"self":[{"href":"https:\/\/radiostudiow.com.br\/site\/wp-json\/wp\/v2\/posts\/32424","targetHints":{"allow":["GET"]}}],"collection":[{"href":"https:\/\/radiostudiow.com.br\/site\/wp-json\/wp\/v2\/posts"}],"about":[{"href":"https:\/\/radiostudiow.com.br\/site\/wp-json\/wp\/v2\/types\/post"}],"author":[{"embeddable":true,"href":"https:\/\/radiostudiow.com.br\/site\/wp-json\/wp\/v2\/users\/2"}],"replies":[{"embeddable":true,"href":"https:\/\/radiostudiow.com.br\/site\/wp-json\/wp\/v2\/comments?post=32424"}],"version-history":[{"count":1,"href":"https:\/\/radiostudiow.com.br\/site\/wp-json\/wp\/v2\/posts\/32424\/revisions"}],"predecessor-version":[{"id":32428,"href":"https:\/\/radiostudiow.com.br\/site\/wp-json\/wp\/v2\/posts\/32424\/revisions\/32428"}],"wp:featuredmedia":[{"embeddable":true,"href":"https:\/\/radiostudiow.com.br\/site\/wp-json\/wp\/v2\/media\/32427"}],"wp:attachment":[{"href":"https:\/\/radiostudiow.com.br\/site\/wp-json\/wp\/v2\/media?parent=32424"}],"wp:term":[{"taxonomy":"category","embeddable":true,"href":"https:\/\/radiostudiow.com.br\/site\/wp-json\/wp\/v2\/categories?post=32424"},{"taxonomy":"post_tag","embeddable":true,"href":"https:\/\/radiostudiow.com.br\/site\/wp-json\/wp\/v2\/tags?post=32424"}],"curies":[{"name":"wp","href":"https:\/\/api.w.org\/{rel}","templated":true}]}}