{"id":32437,"date":"2025-01-04T09:21:14","date_gmt":"2025-01-04T12:21:14","guid":{"rendered":"https:\/\/radiostudiow.com.br\/site\/?p=32437"},"modified":"2025-01-31T14:58:01","modified_gmt":"2025-01-31T17:58:01","slug":"ataque-de-caes-deixa-vitima-ferida-em-general-carneiro","status":"publish","type":"post","link":"https:\/\/radiostudiow.com.br\/site\/2025\/01\/04\/ataque-de-caes-deixa-vitima-ferida-em-general-carneiro\/","title":{"rendered":"Ataque de c\u00e3es deixa v\u00edtima ferida em General Carneiro"},"content":{"rendered":"\n<p>Na manh\u00e3 desta sexta-feira, 3 de janeiro, uma equipe policial foi acionada para apoiar o SAMU em um caso de ataque de c\u00e3es no bairro Monte Castelo, em General Carneiro.<\/p>\n\n\n\n<p>A v\u00edtima, que caminhava pelo local, foi atacada por dois c\u00e3es da ra\u00e7a Pitbull que estavam soltos em um p\u00e1tio sem cercas.<\/p>\n\n\n\n<figure class=\"wp-block-image size-large\"><img decoding=\"async\" src=\"https:\/\/radiostudiow.com.br\/site\/wp-content\/uploads\/2024\/12\/unnamed-file-1024x379.png\" alt=\"\" class=\"wp-image-32295\"\/><\/figure>\n\n\n\n<p>De acordo com relatos, a v\u00edtima sofreu ferimentos na perna e no rosto e foi socorrida por vizinhos que presenciaram o ataque.<\/p>\n\n\n\n<p>A tutora dos animais compareceu ao local e foi orientada pelas autoridades a confinar os c\u00e3es em um espa\u00e7o seguro para evitar novos incidentes.<\/p>\n\n\n\n<figure class=\"wp-block-image size-full\"><img loading=\"lazy\" decoding=\"async\" width=\"560\" height=\"252\" src=\"https:\/\/radiostudiow.com.br\/site\/wp-content\/uploads\/2025\/01\/image-10.png\" alt=\"\" class=\"wp-image-32439\" srcset=\"https:\/\/radiostudiow.com.br\/site\/wp-content\/uploads\/2025\/01\/image-10.png 560w, https:\/\/radiostudiow.com.br\/site\/wp-content\/uploads\/2025\/01\/image-10-300x135.png 300w\" sizes=\"auto, (max-width: 560px) 100vw, 560px\" \/><\/figure>\n\n\n\n<p>Ap\u00f3s a divulga\u00e7\u00e3o do caso, nossa equipe recebeu imagens que supostamente mostram o local do ataque. No entanto, n\u00e3o foi poss\u00edvel confirmar se realmente se tratam do ambiente onde o incidente ocorreu.<\/p>\n\n\n\n<p>A v\u00edtima foi encaminhada para atendimento m\u00e9dico.<\/p>\n\n\n\n<p><br><\/p>\n\n\n\n<p><br><\/p>\n","protected":false},"excerpt":{"rendered":"<p>Na manh\u00e3 desta sexta-feira, 3 de janeiro, uma equipe policial foi acionada para apoiar o SAMU em um caso de ataque de c\u00e3es no bairro Monte Castelo, em General Carneiro. A v\u00edtima, que caminhava pelo local, foi atacada por dois c\u00e3es da ra\u00e7a Pitbull que estavam soltos em um p\u00e1tio sem cercas. De acordo com [&hellip;]<\/p>\n","protected":false},"author":2,"featured_media":32438,"comment_status":"open","ping_status":"open","sticky":false,"template":"","format":"standard","meta":{"footnotes":""},"categories":[2],"tags":[172],"class_list":["post-32437","post","type-post","status-publish","format-standard","has-post-thumbnail","hentry","category-policial","tag-featured"],"amp_enabled":true,"_links":{"self":[{"href":"https:\/\/radiostudiow.com.br\/site\/wp-json\/wp\/v2\/posts\/32437","targetHints":{"allow":["GET"]}}],"collection":[{"href":"https:\/\/radiostudiow.com.br\/site\/wp-json\/wp\/v2\/posts"}],"about":[{"href":"https:\/\/radiostudiow.com.br\/site\/wp-json\/wp\/v2\/types\/post"}],"author":[{"embeddable":true,"href":"https:\/\/radiostudiow.com.br\/site\/wp-json\/wp\/v2\/users\/2"}],"replies":[{"embeddable":true,"href":"https:\/\/radiostudiow.com.br\/site\/wp-json\/wp\/v2\/comments?post=32437"}],"version-history":[{"count":1,"href":"https:\/\/radiostudiow.com.br\/site\/wp-json\/wp\/v2\/posts\/32437\/revisions"}],"predecessor-version":[{"id":32440,"href":"https:\/\/radiostudiow.com.br\/site\/wp-json\/wp\/v2\/posts\/32437\/revisions\/32440"}],"wp:featuredmedia":[{"embeddable":true,"href":"https:\/\/radiostudiow.com.br\/site\/wp-json\/wp\/v2\/media\/32438"}],"wp:attachment":[{"href":"https:\/\/radiostudiow.com.br\/site\/wp-json\/wp\/v2\/media?parent=32437"}],"wp:term":[{"taxonomy":"category","embeddable":true,"href":"https:\/\/radiostudiow.com.br\/site\/wp-json\/wp\/v2\/categories?post=32437"},{"taxonomy":"post_tag","embeddable":true,"href":"https:\/\/radiostudiow.com.br\/site\/wp-json\/wp\/v2\/tags?post=32437"}],"curies":[{"name":"wp","href":"https:\/\/api.w.org\/{rel}","templated":true}]}}