{"id":32453,"date":"2025-01-04T11:16:37","date_gmt":"2025-01-04T14:16:37","guid":{"rendered":"https:\/\/radiostudiow.com.br\/site\/?p=32453"},"modified":"2025-01-31T14:58:00","modified_gmt":"2025-01-31T17:58:00","slug":"policia-militar-de-uniao-da-vitoria-prende-homem-por-trafico-de-drogas-2","status":"publish","type":"post","link":"https:\/\/radiostudiow.com.br\/site\/2025\/01\/04\/policia-militar-de-uniao-da-vitoria-prende-homem-por-trafico-de-drogas-2\/","title":{"rendered":"Pol\u00edcia Militar de Uni\u00e3o da Vit\u00f3ria prende homem por tr\u00e1fico de drogas"},"content":{"rendered":"\n<p>Ap\u00f3s receber den\u00fancias de que um homem estaria usando uma resid\u00eancia para venda de drogas no bairro Ponte Nova em Uni\u00e3o da Vit\u00f3ria por volta das 20:16 horas da noite desta sexta-feira (03).<\/p>\n\n\n\n<figure class=\"wp-block-image size-full\"><img loading=\"lazy\" decoding=\"async\" width=\"598\" height=\"204\" src=\"https:\/\/radiostudiow.com.br\/site\/wp-content\/uploads\/2024\/10\/labirati.png\" alt=\"\" class=\"wp-image-28854\" srcset=\"https:\/\/radiostudiow.com.br\/site\/wp-content\/uploads\/2024\/10\/labirati.png 598w, https:\/\/radiostudiow.com.br\/site\/wp-content\/uploads\/2024\/10\/labirati-300x102.png 300w\" sizes=\"auto, (max-width: 598px) 100vw, 598px\" \/><\/figure>\n\n\n\n<p>A Pol\u00edcia Militar deslocou at\u00e9 ao endere\u00e7o denunciado e l\u00e1 o mesmo foi localizado, sendo realizadas buscas no interior do im\u00f3vel e foram encontradas v\u00e1rias por\u00e7\u00f5es de coca\u00edna prontas para a venda, balan\u00e7a de precis\u00e3o, aparelhos celulares e dinheiro trocado.<\/p>\n\n\n\n<p>Diante da situa\u00e7\u00e3o, o abordado e os itens apreendidos foram apresentados na Delegacia de Pol\u00edcia Civil para os procedimentos legais cab\u00edveis.<\/p>\n","protected":false},"excerpt":{"rendered":"<p>Ap\u00f3s receber den\u00fancias de que um homem estaria usando uma resid\u00eancia para venda de drogas no bairro Ponte Nova em Uni\u00e3o da Vit\u00f3ria por volta das 20:16 horas da noite desta sexta-feira (03). A Pol\u00edcia Militar deslocou at\u00e9 ao endere\u00e7o denunciado e l\u00e1 o mesmo foi localizado, sendo realizadas buscas no interior do im\u00f3vel e [&hellip;]<\/p>\n","protected":false},"author":2,"featured_media":32454,"comment_status":"open","ping_status":"open","sticky":false,"template":"","format":"standard","meta":{"footnotes":""},"categories":[2],"tags":[172],"class_list":["post-32453","post","type-post","status-publish","format-standard","has-post-thumbnail","hentry","category-policial","tag-featured"],"amp_enabled":true,"_links":{"self":[{"href":"https:\/\/radiostudiow.com.br\/site\/wp-json\/wp\/v2\/posts\/32453","targetHints":{"allow":["GET"]}}],"collection":[{"href":"https:\/\/radiostudiow.com.br\/site\/wp-json\/wp\/v2\/posts"}],"about":[{"href":"https:\/\/radiostudiow.com.br\/site\/wp-json\/wp\/v2\/types\/post"}],"author":[{"embeddable":true,"href":"https:\/\/radiostudiow.com.br\/site\/wp-json\/wp\/v2\/users\/2"}],"replies":[{"embeddable":true,"href":"https:\/\/radiostudiow.com.br\/site\/wp-json\/wp\/v2\/comments?post=32453"}],"version-history":[{"count":1,"href":"https:\/\/radiostudiow.com.br\/site\/wp-json\/wp\/v2\/posts\/32453\/revisions"}],"predecessor-version":[{"id":32455,"href":"https:\/\/radiostudiow.com.br\/site\/wp-json\/wp\/v2\/posts\/32453\/revisions\/32455"}],"wp:featuredmedia":[{"embeddable":true,"href":"https:\/\/radiostudiow.com.br\/site\/wp-json\/wp\/v2\/media\/32454"}],"wp:attachment":[{"href":"https:\/\/radiostudiow.com.br\/site\/wp-json\/wp\/v2\/media?parent=32453"}],"wp:term":[{"taxonomy":"category","embeddable":true,"href":"https:\/\/radiostudiow.com.br\/site\/wp-json\/wp\/v2\/categories?post=32453"},{"taxonomy":"post_tag","embeddable":true,"href":"https:\/\/radiostudiow.com.br\/site\/wp-json\/wp\/v2\/tags?post=32453"}],"curies":[{"name":"wp","href":"https:\/\/api.w.org\/{rel}","templated":true}]}}