{"id":32463,"date":"2025-01-06T09:45:43","date_gmt":"2025-01-06T12:45:43","guid":{"rendered":"https:\/\/radiostudiow.com.br\/site\/?p=32463"},"modified":"2025-01-31T14:58:00","modified_gmt":"2025-01-31T17:58:00","slug":"idoso-e-assaltado-apos-sair-de-agencia-bancaria-em-reboucas","status":"publish","type":"post","link":"https:\/\/radiostudiow.com.br\/site\/2025\/01\/06\/idoso-e-assaltado-apos-sair-de-agencia-bancaria-em-reboucas\/","title":{"rendered":"Idoso \u00e9 assaltado ap\u00f3s sair de ag\u00eancia banc\u00e1ria em Rebou\u00e7as"},"content":{"rendered":"\n<p>Um idoso foi v\u00edtima de assalto em Rebou\u00e7as. Ele relatou \u00e0 pol\u00edcia que, por volta das 11h30min, foi abordado por dois homens, de 18 a 25 anos, ap\u00f3s sacar R$ 1.300,00 de seu benef\u00edcio do INSS em uma ag\u00eancia bancaria na manh\u00e3 desta sexta-feira (03)\u00a0.<\/p>\n\n\n\n<figure class=\"wp-block-image size-full\"><img loading=\"lazy\" decoding=\"async\" width=\"598\" height=\"204\" src=\"https:\/\/radiostudiow.com.br\/site\/wp-content\/uploads\/2024\/12\/image-95.png\" alt=\"\" class=\"wp-image-31919\" srcset=\"https:\/\/radiostudiow.com.br\/site\/wp-content\/uploads\/2024\/12\/image-95.png 598w, https:\/\/radiostudiow.com.br\/site\/wp-content\/uploads\/2024\/12\/image-95-300x102.png 300w\" sizes=\"auto, (max-width: 598px) 100vw, 598px\" \/><\/figure>\n\n\n\n<p>&nbsp;Os assaltantes, vestidos com cal\u00e7\u00e3o e camiseta escura, pediram cigarro e, ao tentar atender, a v\u00edtima teve seus bra\u00e7os segurados por um deles, enquanto o outro roubou o dinheiro e um cart\u00e3o banc\u00e1rio. Ap\u00f3s o assalto, os autores fugiram.<\/p>\n\n\n\n<p>&nbsp;A v\u00edtima, que possui problemas de vis\u00e3o devido \u00e0 catarata, foi ajudada por uma testemunha at\u00e9 o Pelot\u00e3o de Pol\u00edcia Militar. Apesar das buscas, os assaltantes n\u00e3o foram localizados.<\/p>\n\n\n\n<p>&nbsp;A pol\u00edcia civil passa a investiga o caso.<\/p>\n\n\n\n<p>Com informa\u00e7\u00f5es da Pol\u00edcia Militar.<\/p>\n","protected":false},"excerpt":{"rendered":"<p>Um idoso foi v\u00edtima de assalto em Rebou\u00e7as. Ele relatou \u00e0 pol\u00edcia que, por volta das 11h30min, foi abordado por dois homens, de 18 a 25 anos, ap\u00f3s sacar R$ 1.300,00 de seu benef\u00edcio do INSS em uma ag\u00eancia bancaria na manh\u00e3 desta sexta-feira (03)\u00a0. &nbsp;Os assaltantes, vestidos com cal\u00e7\u00e3o e camiseta escura, pediram cigarro [&hellip;]<\/p>\n","protected":false},"author":2,"featured_media":32384,"comment_status":"open","ping_status":"open","sticky":false,"template":"","format":"standard","meta":{"footnotes":""},"categories":[2],"tags":[172],"class_list":["post-32463","post","type-post","status-publish","format-standard","has-post-thumbnail","hentry","category-policial","tag-featured"],"amp_enabled":true,"_links":{"self":[{"href":"https:\/\/radiostudiow.com.br\/site\/wp-json\/wp\/v2\/posts\/32463","targetHints":{"allow":["GET"]}}],"collection":[{"href":"https:\/\/radiostudiow.com.br\/site\/wp-json\/wp\/v2\/posts"}],"about":[{"href":"https:\/\/radiostudiow.com.br\/site\/wp-json\/wp\/v2\/types\/post"}],"author":[{"embeddable":true,"href":"https:\/\/radiostudiow.com.br\/site\/wp-json\/wp\/v2\/users\/2"}],"replies":[{"embeddable":true,"href":"https:\/\/radiostudiow.com.br\/site\/wp-json\/wp\/v2\/comments?post=32463"}],"version-history":[{"count":1,"href":"https:\/\/radiostudiow.com.br\/site\/wp-json\/wp\/v2\/posts\/32463\/revisions"}],"predecessor-version":[{"id":32464,"href":"https:\/\/radiostudiow.com.br\/site\/wp-json\/wp\/v2\/posts\/32463\/revisions\/32464"}],"wp:featuredmedia":[{"embeddable":true,"href":"https:\/\/radiostudiow.com.br\/site\/wp-json\/wp\/v2\/media\/32384"}],"wp:attachment":[{"href":"https:\/\/radiostudiow.com.br\/site\/wp-json\/wp\/v2\/media?parent=32463"}],"wp:term":[{"taxonomy":"category","embeddable":true,"href":"https:\/\/radiostudiow.com.br\/site\/wp-json\/wp\/v2\/categories?post=32463"},{"taxonomy":"post_tag","embeddable":true,"href":"https:\/\/radiostudiow.com.br\/site\/wp-json\/wp\/v2\/tags?post=32463"}],"curies":[{"name":"wp","href":"https:\/\/api.w.org\/{rel}","templated":true}]}}