{"id":32465,"date":"2025-01-06T09:47:40","date_gmt":"2025-01-06T12:47:40","guid":{"rendered":"https:\/\/radiostudiow.com.br\/site\/?p=32465"},"modified":"2025-01-31T14:58:00","modified_gmt":"2025-01-31T17:58:00","slug":"incendio-consome-estufas-de-secagem-de-fumo-em-sao-joao-do-triunfo","status":"publish","type":"post","link":"https:\/\/radiostudiow.com.br\/site\/2025\/01\/06\/incendio-consome-estufas-de-secagem-de-fumo-em-sao-joao-do-triunfo\/","title":{"rendered":"Inc\u00eandio consome estufas de secagem de fumo em S\u00e3o Jo\u00e3o do Triunfo"},"content":{"rendered":"\n<p>Um inc\u00eandio de grandes propor\u00e7\u00f5es foi registrado na localidade de Vila Nova, em S\u00e3o Jo\u00e3o do Triunfo na madrugada deste s\u00e1bado (04). O fogo destruiu completamente tr\u00eas estufas de secagem de fumo, que ocupavam uma \u00e1rea aproximada de 50 m\u00b2 cada uma, consumindo toda a estrutura das instala\u00e7\u00f5es.<\/p>\n\n\n\n<figure class=\"wp-block-image size-full\"><img loading=\"lazy\" decoding=\"async\" width=\"897\" height=\"204\" src=\"https:\/\/radiostudiow.com.br\/site\/wp-content\/uploads\/2024\/12\/SEPAC.png\" alt=\"\" class=\"wp-image-32250\" srcset=\"https:\/\/radiostudiow.com.br\/site\/wp-content\/uploads\/2024\/12\/SEPAC.png 897w, https:\/\/radiostudiow.com.br\/site\/wp-content\/uploads\/2024\/12\/SEPAC-300x68.png 300w, https:\/\/radiostudiow.com.br\/site\/wp-content\/uploads\/2024\/12\/SEPAC-768x175.png 768w\" sizes=\"auto, (max-width: 897px) 100vw, 897px\" \/><\/figure>\n\n\n\n<p>A situa\u00e7\u00e3o alarmante foi controlada gra\u00e7as \u00e0 r\u00e1pida a\u00e7\u00e3o da equipe do Corpo de Bombeiros, que conseguiu proteger o restante das edifica\u00e7\u00f5es ao redor. Apesar da extens\u00e3o do inc\u00eandio, os bombeiros evitaram que o fogo se alastrasse para os outros 150 m\u00b2 restantes das estufas, em uma \u00e1rea total de 300 m\u00b2.<\/p>\n\n\n\n<p>Felizmente, n\u00e3o houve v\u00edtimas, mas o preju\u00edzo material foi significativo devido \u00e0 destrui\u00e7\u00e3o das estufas. As autoridades locais est\u00e3o investigando as causas do inc\u00eandio, que pode ter envolvido falhas el\u00e9tricas ou algum outro fator ainda n\u00e3o confirmado.<\/p>\n\n\n\n<figure class=\"wp-block-image size-full\"><img decoding=\"async\" src=\"https:\/\/radiostudiow.com.br\/site\/wp-content\/uploads\/2024\/12\/BISTRO.png\" alt=\"\" class=\"wp-image-31336\"\/><\/figure>\n\n\n\n<p>O trabalho da equipe de seguran\u00e7a foi crucial para minimizar os danos, e os moradores da regi\u00e3o expressaram al\u00edvio com a r\u00e1pida conten\u00e7\u00e3o das chamas. As autoridades seguir\u00e3o acompanhando a situa\u00e7\u00e3o e prestando aux\u00edlio aos propriet\u00e1rios das estufas afetadas.<\/p>\n\n\n\n<p>Com informa\u00e7\u00f5es e foto do Corpo de Bombeiros.<\/p>\n","protected":false},"excerpt":{"rendered":"<p>Um inc\u00eandio de grandes propor\u00e7\u00f5es foi registrado na localidade de Vila Nova, em S\u00e3o Jo\u00e3o do Triunfo na madrugada deste s\u00e1bado (04). O fogo destruiu completamente tr\u00eas estufas de secagem de fumo, que ocupavam uma \u00e1rea aproximada de 50 m\u00b2 cada uma, consumindo toda a estrutura das instala\u00e7\u00f5es. A situa\u00e7\u00e3o alarmante foi controlada gra\u00e7as \u00e0 [&hellip;]<\/p>\n","protected":false},"author":2,"featured_media":32466,"comment_status":"open","ping_status":"open","sticky":false,"template":"","format":"standard","meta":{"footnotes":""},"categories":[185],"tags":[172],"class_list":["post-32465","post","type-post","status-publish","format-standard","has-post-thumbnail","hentry","category-regional","tag-featured"],"amp_enabled":true,"_links":{"self":[{"href":"https:\/\/radiostudiow.com.br\/site\/wp-json\/wp\/v2\/posts\/32465","targetHints":{"allow":["GET"]}}],"collection":[{"href":"https:\/\/radiostudiow.com.br\/site\/wp-json\/wp\/v2\/posts"}],"about":[{"href":"https:\/\/radiostudiow.com.br\/site\/wp-json\/wp\/v2\/types\/post"}],"author":[{"embeddable":true,"href":"https:\/\/radiostudiow.com.br\/site\/wp-json\/wp\/v2\/users\/2"}],"replies":[{"embeddable":true,"href":"https:\/\/radiostudiow.com.br\/site\/wp-json\/wp\/v2\/comments?post=32465"}],"version-history":[{"count":1,"href":"https:\/\/radiostudiow.com.br\/site\/wp-json\/wp\/v2\/posts\/32465\/revisions"}],"predecessor-version":[{"id":32467,"href":"https:\/\/radiostudiow.com.br\/site\/wp-json\/wp\/v2\/posts\/32465\/revisions\/32467"}],"wp:featuredmedia":[{"embeddable":true,"href":"https:\/\/radiostudiow.com.br\/site\/wp-json\/wp\/v2\/media\/32466"}],"wp:attachment":[{"href":"https:\/\/radiostudiow.com.br\/site\/wp-json\/wp\/v2\/media?parent=32465"}],"wp:term":[{"taxonomy":"category","embeddable":true,"href":"https:\/\/radiostudiow.com.br\/site\/wp-json\/wp\/v2\/categories?post=32465"},{"taxonomy":"post_tag","embeddable":true,"href":"https:\/\/radiostudiow.com.br\/site\/wp-json\/wp\/v2\/tags?post=32465"}],"curies":[{"name":"wp","href":"https:\/\/api.w.org\/{rel}","templated":true}]}}