{"id":32468,"date":"2025-01-06T09:55:13","date_gmt":"2025-01-06T12:55:13","guid":{"rendered":"https:\/\/radiostudiow.com.br\/site\/?p=32468"},"modified":"2025-01-31T14:58:00","modified_gmt":"2025-01-31T17:58:00","slug":"caminhonete-furtada-e-recuperada-no-interior-de-irati","status":"publish","type":"post","link":"https:\/\/radiostudiow.com.br\/site\/2025\/01\/06\/caminhonete-furtada-e-recuperada-no-interior-de-irati\/","title":{"rendered":"Caminhonete furtada \u00e9 recuperada no interior de Irati"},"content":{"rendered":"\n<p>Opera\u00e7\u00e3o coordenada pela Pol\u00edcia Militar resultou na apreens\u00e3o de uma caminhonete Toyota Hilux com placas clonadas, em uma a\u00e7\u00e3o que envolveu o deslocamento por v\u00e1rias localidades na regi\u00e3o de Irati por volta das 23:40 horasd a noite desse s\u00e1bado (04).<\/p>\n\n\n\n<p>A ocorr\u00eancia foi inicialmente comunicada ao COPOM (Centro de Opera\u00e7\u00f5es da Pol\u00edcia Militar) por um policial militar de folga, que informou sobre o ve\u00edculo suspeito transitando pela PR-364, no sentido da cidade de In\u00e1cio Martins.<\/p>\n\n\n\n<figure class=\"wp-block-image size-full\"><img loading=\"lazy\" decoding=\"async\" width=\"590\" height=\"204\" src=\"https:\/\/radiostudiow.com.br\/site\/wp-content\/uploads\/2024\/04\/image-27.png\" alt=\"\" class=\"wp-image-21280\" srcset=\"https:\/\/radiostudiow.com.br\/site\/wp-content\/uploads\/2024\/04\/image-27.png 590w, https:\/\/radiostudiow.com.br\/site\/wp-content\/uploads\/2024\/04\/image-27-300x104.png 300w\" sizes=\"auto, (max-width: 590px) 100vw, 590px\" \/><\/figure>\n\n\n\n<p>De imediato, a situa\u00e7\u00e3o foi repassada \u00e0s equipes da RPA (R\u00e1dio Patrulha), que come\u00e7aram as buscas para localizar o ve\u00edculo. A caminhonete foi encontrada na localidade de Rio Preto, quando os policiais deram ordem de parada utilizando giroflex e sinais sonoros. No entanto, o motorista desobedeceu \u00e0 ordem e empreendeu fuga em alta velocidade, iniciando uma persegui\u00e7\u00e3o que se estendeu por aproximadamente 8 km.<\/p>\n\n\n\n<p>Na localidade de \u00c1gua Clara, com o apoio da RPA de In\u00e1cio Martins, as equipes conseguiram finalmente abordar o ve\u00edculo. Durante a revista pessoal no condutor, nada de il\u00edcito foi encontrado, mas, ao consultar a placa, foi constatado que se tratava de uma placa clonada de uma caminhonete registrada em Cianorte, no Paran\u00e1. Ap\u00f3s a verifica\u00e7\u00e3o do chassi, descobriu-se que o ve\u00edculo era, na verdade, registrado em Paranava\u00ed-PR, com alerta de furto registrado em Penha-SC, na mesma data, 04 de janeiro de 2025.<\/p>\n\n\n\n<p>Indagado sobre a origem do ve\u00edculo, o condutor admitiu saber que a caminhonete era produto de furto. Ele relatou que pegou o ve\u00edculo em Balne\u00e1rio Pi\u00e7arras, em Santa Catarina, e que estava se deslocando para Foz do Igua\u00e7u, no Paran\u00e1, onde receberia a quantia de R$ 2.500,00 pelo transporte do ve\u00edculo furtado.<\/p>\n\n\n\n<figure class=\"wp-block-image size-large\"><img decoding=\"async\" src=\"https:\/\/radiostudiow.com.br\/site\/wp-content\/uploads\/2024\/12\/unnamed-file-1024x379.png\" alt=\"\" class=\"wp-image-32295\"\/><\/figure>\n\n\n\n<p>Diante dos fatos, o homem recebeu voz de pris\u00e3o por recepta\u00e7\u00e3o de ve\u00edculo furtado e foi conduzido para a 41\u00aa DRP (Delegacia Regional de Pol\u00edcia) de Irati. Antes de ser entregue \u00e0 autoridade policial, o condutor passou por exame de corpo de delito. O ve\u00edculo foi apreendido e, junto com o suspeito, foi encaminhado para os procedimentos legais de pol\u00edcia judici\u00e1ria.<\/p>\n\n\n\n<p>A a\u00e7\u00e3o destaca a efetividade do trabalho conjunto da Pol\u00edcia Militar, que, com rapidez e determina\u00e7\u00e3o, conseguiu prender o respons\u00e1vel e recuperar um ve\u00edculo roubado, evitando que ele fosse comercializado em outra regi\u00e3o.<\/p>\n\n\n\n<p>Com informa\u00e7\u00f5es da Pol\u00edcia Militar.<a href=\"https:\/\/api.whatsapp.com\/send?text=Pol%C3%ADcia%20Militar%20prende%20homem%20com%20caminhonete%20clonada%20e%20produto%20de%20furto%20em%20Irati%20-%20https:\/\/www.alvoradanoar.com.br\/noticia\/684729\" target=\"_blank\" rel=\"noreferrer noopener\"><\/a><\/p>\n","protected":false},"excerpt":{"rendered":"<p>Opera\u00e7\u00e3o coordenada pela Pol\u00edcia Militar resultou na apreens\u00e3o de uma caminhonete Toyota Hilux com placas clonadas, em uma a\u00e7\u00e3o que envolveu o deslocamento por v\u00e1rias localidades na regi\u00e3o de Irati por volta das 23:40 horasd a noite desse s\u00e1bado (04). A ocorr\u00eancia foi inicialmente comunicada ao COPOM (Centro de Opera\u00e7\u00f5es da Pol\u00edcia Militar) por um [&hellip;]<\/p>\n","protected":false},"author":2,"featured_media":32469,"comment_status":"open","ping_status":"open","sticky":false,"template":"","format":"standard","meta":{"footnotes":""},"categories":[2],"tags":[172],"class_list":["post-32468","post","type-post","status-publish","format-standard","has-post-thumbnail","hentry","category-policial","tag-featured"],"amp_enabled":true,"_links":{"self":[{"href":"https:\/\/radiostudiow.com.br\/site\/wp-json\/wp\/v2\/posts\/32468","targetHints":{"allow":["GET"]}}],"collection":[{"href":"https:\/\/radiostudiow.com.br\/site\/wp-json\/wp\/v2\/posts"}],"about":[{"href":"https:\/\/radiostudiow.com.br\/site\/wp-json\/wp\/v2\/types\/post"}],"author":[{"embeddable":true,"href":"https:\/\/radiostudiow.com.br\/site\/wp-json\/wp\/v2\/users\/2"}],"replies":[{"embeddable":true,"href":"https:\/\/radiostudiow.com.br\/site\/wp-json\/wp\/v2\/comments?post=32468"}],"version-history":[{"count":1,"href":"https:\/\/radiostudiow.com.br\/site\/wp-json\/wp\/v2\/posts\/32468\/revisions"}],"predecessor-version":[{"id":32470,"href":"https:\/\/radiostudiow.com.br\/site\/wp-json\/wp\/v2\/posts\/32468\/revisions\/32470"}],"wp:featuredmedia":[{"embeddable":true,"href":"https:\/\/radiostudiow.com.br\/site\/wp-json\/wp\/v2\/media\/32469"}],"wp:attachment":[{"href":"https:\/\/radiostudiow.com.br\/site\/wp-json\/wp\/v2\/media?parent=32468"}],"wp:term":[{"taxonomy":"category","embeddable":true,"href":"https:\/\/radiostudiow.com.br\/site\/wp-json\/wp\/v2\/categories?post=32468"},{"taxonomy":"post_tag","embeddable":true,"href":"https:\/\/radiostudiow.com.br\/site\/wp-json\/wp\/v2\/tags?post=32468"}],"curies":[{"name":"wp","href":"https:\/\/api.w.org\/{rel}","templated":true}]}}