{"id":32471,"date":"2025-01-06T10:09:02","date_gmt":"2025-01-06T13:09:02","guid":{"rendered":"https:\/\/radiostudiow.com.br\/site\/?p=32471"},"modified":"2025-01-31T14:58:00","modified_gmt":"2025-01-31T17:58:00","slug":"homem-alcoolizado-e-sem-cnh-e-preso-por-pilotar-moto-barulhenta-sem-placa-e-chassi-adulterado-em-reboucas","status":"publish","type":"post","link":"https:\/\/radiostudiow.com.br\/site\/2025\/01\/06\/homem-alcoolizado-e-sem-cnh-e-preso-por-pilotar-moto-barulhenta-sem-placa-e-chassi-adulterado-em-reboucas\/","title":{"rendered":"Homem alcoolizado e sem CNH \u00e9 preso por pilotar moto \u201cbarulhenta\u201d sem placa e chassi adulterado em Rebou\u00e7as"},"content":{"rendered":"\n<p>A equipe da Pol\u00edcia Militar de Rebou\u00e7as durante patrulhamento na \u00e1rea central da cidade, se deparou com uma motocicleta em alta velocidade e com um escape extremamente barulhento por volta das 19 horas da noite de s\u00e1bado (04).<\/p>\n\n\n\n<p>A equipe policial, ao escutar o ru\u00eddo, imediatamente deslocou-se para o local de onde o som estava provindo e avistou a moto transitando a duas quadras \u00e0 frente. Ao se aproximar, os policiais perceberam que a motocicleta estava sem placa.<\/p>\n\n\n\n<figure class=\"wp-block-image size-full\"><img decoding=\"async\" src=\"https:\/\/radiostudiow.com.br\/site\/wp-content\/uploads\/2024\/04\/image-47.png\" alt=\"\" class=\"wp-image-21404\"\/><\/figure>\n\n\n\n<p>Ao realizar a abordagem, a equipe utilizou sinais luminosos e sonoros, al\u00e9m de comunicar em voz alta para o condutor parar e descer da moto. No entanto, ao perceber que tratava-se de uma abordagem policial, o motociclista acelerou bruscamente e empreendeu fuga, desrespeitando diversas preferenciais e passando pelo sinal vermelho do sem\u00e1foro. O indiv\u00edduo conduziu a motocicleta de forma perigosa, colocando em risco a vida de terceiros.<\/p>\n\n\n\n<p>Ap\u00f3s alguns minutos de acompanhamento, os policiais conseguiram interceptar o suspeito e realizar a abordagem. Durante a revista pessoal e inspe\u00e7\u00e3o do ve\u00edculo, foi constatado que o condutor n\u00e3o possu\u00eda Carteira Nacional de Habilita\u00e7\u00e3o (CNH) e apresentava sinais vis\u00edveis de embriaguez. Al\u00e9m disso, a motocicleta estava sem placas, e ao verificar o chassi do ve\u00edculo, foi detectado que o sinal identificador estava suprimido, o que impossibilitou a identifica\u00e7\u00e3o da numera\u00e7\u00e3o original.<\/p>\n\n\n\n<figure class=\"wp-block-image size-full\"><img loading=\"lazy\" decoding=\"async\" width=\"598\" height=\"204\" src=\"https:\/\/radiostudiow.com.br\/site\/wp-content\/uploads\/2024\/12\/image-95.png\" alt=\"\" class=\"wp-image-31919\" srcset=\"https:\/\/radiostudiow.com.br\/site\/wp-content\/uploads\/2024\/12\/image-95.png 598w, https:\/\/radiostudiow.com.br\/site\/wp-content\/uploads\/2024\/12\/image-95-300x102.png 300w\" sizes=\"auto, (max-width: 598px) 100vw, 598px\" \/><\/figure>\n\n\n\n<p>Diante da situa\u00e7\u00e3o, a motocicleta foi apreendida e encaminhada para o p\u00e1tio do 2\u00ba Pelot\u00e3o de Rebou\u00e7as. O condutor foi submetido ao teste do etil\u00f4metro, que apontou 0,87 mg\/l, indicando que ele estava sob efeito de \u00e1lcool. Com base nos fatos, o homem foi preso por dire\u00e7\u00e3o perigosa, embriaguez ao volante e adultera\u00e7\u00e3o de sinal identificador de ve\u00edculo.<\/p>\n\n\n\n<p>O suspeito foi levado para a Delegacia de Pol\u00edcia Civil de Irati, onde foi detido e ficar\u00e1 \u00e0 disposi\u00e7\u00e3o da justi\u00e7a. A a\u00e7\u00e3o da Pol\u00edcia Militar destacou a import\u00e2ncia da vigil\u00e2ncia no tr\u00e2nsito, visando garantir a seguran\u00e7a da popula\u00e7\u00e3o e combater pr\u00e1ticas ilegais que colocam em risco a vida de motoristas e pedestres.<\/p>\n\n\n\n<p><em>Com informa\u00e7\u00f5es da Pol\u00edcia Militar.<\/em><a href=\"https:\/\/api.whatsapp.com\/send?text=Homem%20alcoolizado%20e%20sem%20CNH%20%C3%A9%20preso%20por%20pilotar%20moto%20%E2%80%9Cbarulhenta%E2%80%9D%20sem%20placa%20e%20chassi%20adulterado%20em%20Rebou%C3%A7as%20-%20https:\/\/alvoradanoar.com.br\/noticia\/684725\" target=\"_blank\" rel=\"noreferrer noopener\"><\/a><\/p>\n","protected":false},"excerpt":{"rendered":"<p>A equipe da Pol\u00edcia Militar de Rebou\u00e7as durante patrulhamento na \u00e1rea central da cidade, se deparou com uma motocicleta em alta velocidade e com um escape extremamente barulhento por volta das 19 horas da noite de s\u00e1bado (04). A equipe policial, ao escutar o ru\u00eddo, imediatamente deslocou-se para o local de onde o som estava [&hellip;]<\/p>\n","protected":false},"author":2,"featured_media":30530,"comment_status":"open","ping_status":"open","sticky":false,"template":"","format":"standard","meta":{"footnotes":""},"categories":[2],"tags":[172],"class_list":["post-32471","post","type-post","status-publish","format-standard","has-post-thumbnail","hentry","category-policial","tag-featured"],"amp_enabled":true,"_links":{"self":[{"href":"https:\/\/radiostudiow.com.br\/site\/wp-json\/wp\/v2\/posts\/32471","targetHints":{"allow":["GET"]}}],"collection":[{"href":"https:\/\/radiostudiow.com.br\/site\/wp-json\/wp\/v2\/posts"}],"about":[{"href":"https:\/\/radiostudiow.com.br\/site\/wp-json\/wp\/v2\/types\/post"}],"author":[{"embeddable":true,"href":"https:\/\/radiostudiow.com.br\/site\/wp-json\/wp\/v2\/users\/2"}],"replies":[{"embeddable":true,"href":"https:\/\/radiostudiow.com.br\/site\/wp-json\/wp\/v2\/comments?post=32471"}],"version-history":[{"count":1,"href":"https:\/\/radiostudiow.com.br\/site\/wp-json\/wp\/v2\/posts\/32471\/revisions"}],"predecessor-version":[{"id":32472,"href":"https:\/\/radiostudiow.com.br\/site\/wp-json\/wp\/v2\/posts\/32471\/revisions\/32472"}],"wp:featuredmedia":[{"embeddable":true,"href":"https:\/\/radiostudiow.com.br\/site\/wp-json\/wp\/v2\/media\/30530"}],"wp:attachment":[{"href":"https:\/\/radiostudiow.com.br\/site\/wp-json\/wp\/v2\/media?parent=32471"}],"wp:term":[{"taxonomy":"category","embeddable":true,"href":"https:\/\/radiostudiow.com.br\/site\/wp-json\/wp\/v2\/categories?post=32471"},{"taxonomy":"post_tag","embeddable":true,"href":"https:\/\/radiostudiow.com.br\/site\/wp-json\/wp\/v2\/tags?post=32471"}],"curies":[{"name":"wp","href":"https:\/\/api.w.org\/{rel}","templated":true}]}}