{"id":32474,"date":"2025-01-06T10:13:30","date_gmt":"2025-01-06T13:13:30","guid":{"rendered":"https:\/\/radiostudiow.com.br\/site\/?p=32474"},"modified":"2025-01-31T14:58:00","modified_gmt":"2025-01-31T17:58:00","slug":"vitima-de-acidente-fatal-foi-identificada","status":"publish","type":"post","link":"https:\/\/radiostudiow.com.br\/site\/2025\/01\/06\/vitima-de-acidente-fatal-foi-identificada\/","title":{"rendered":"Vit\u00edma de acidente fatal foi identificada"},"content":{"rendered":"\n<p>Na madrugada deste s\u00e1bado, 4 de janeiro, um grave acidente foi registrado na Rua Jos\u00e9 Pioli, no bairro Bento Munhoz, distrito de S\u00e3o Crist\u00f3v\u00e3o, em Uni\u00e3o da Vit\u00f3ria.<\/p>\n\n\n\n<p>O ve\u00edculo conduzido por<strong>&nbsp;Paulo Cezar Falc\u00e3o, de 53 anos,<\/strong>&nbsp;colidiu violentamente contra o muro de uma resid\u00eancia. Infelizmente, o condutor n\u00e3o resistiu aos ferimentos e faleceu no local.<\/p>\n\n\n\n<figure class=\"wp-block-image size-full\"><img loading=\"lazy\" decoding=\"async\" width=\"897\" height=\"204\" src=\"https:\/\/radiostudiow.com.br\/site\/wp-content\/uploads\/2024\/04\/image-50.png\" alt=\"\" class=\"wp-image-21368\" srcset=\"https:\/\/radiostudiow.com.br\/site\/wp-content\/uploads\/2024\/04\/image-50.png 897w, https:\/\/radiostudiow.com.br\/site\/wp-content\/uploads\/2024\/04\/image-50-300x68.png 300w, https:\/\/radiostudiow.com.br\/site\/wp-content\/uploads\/2024\/04\/image-50-768x175.png 768w\" sizes=\"auto, (max-width: 897px) 100vw, 897px\" \/><\/figure>\n\n\n\n<p>A for\u00e7a do impacto causou danos significativos tanto ao ve\u00edculo quanto ao muro da resid\u00eancia, mas n\u00e3o houve feridos entre os moradores do im\u00f3vel.<\/p>\n\n\n\n<p>Ele ser\u00e1 velado na Capela Faustino Cieslak, com in\u00edcio previsto para as 21h deste s\u00e1bado. O sepultamento ser\u00e1 realizado no domingo, 5 de janeiro, em hor\u00e1rio a ser definido pela fam\u00edlia.<\/p>\n\n\n\n<figure class=\"wp-block-image size-full\"><img loading=\"lazy\" decoding=\"async\" width=\"720\" height=\"412\" src=\"https:\/\/radiostudiow.com.br\/site\/wp-content\/uploads\/2025\/01\/image-15.png\" alt=\"\" class=\"wp-image-32475\" srcset=\"https:\/\/radiostudiow.com.br\/site\/wp-content\/uploads\/2025\/01\/image-15.png 720w, https:\/\/radiostudiow.com.br\/site\/wp-content\/uploads\/2025\/01\/image-15-300x172.png 300w\" sizes=\"auto, (max-width: 720px) 100vw, 720px\" \/><\/figure>\n","protected":false},"excerpt":{"rendered":"<p>Na madrugada deste s\u00e1bado, 4 de janeiro, um grave acidente foi registrado na Rua Jos\u00e9 Pioli, no bairro Bento Munhoz, distrito de S\u00e3o Crist\u00f3v\u00e3o, em Uni\u00e3o da Vit\u00f3ria. O ve\u00edculo conduzido por&nbsp;Paulo Cezar Falc\u00e3o, de 53 anos,&nbsp;colidiu violentamente contra o muro de uma resid\u00eancia. Infelizmente, o condutor n\u00e3o resistiu aos ferimentos e faleceu no local. [&hellip;]<\/p>\n","protected":false},"author":2,"featured_media":32443,"comment_status":"open","ping_status":"open","sticky":false,"template":"","format":"standard","meta":{"footnotes":""},"categories":[185],"tags":[172],"class_list":["post-32474","post","type-post","status-publish","format-standard","has-post-thumbnail","hentry","category-regional","tag-featured"],"amp_enabled":true,"_links":{"self":[{"href":"https:\/\/radiostudiow.com.br\/site\/wp-json\/wp\/v2\/posts\/32474","targetHints":{"allow":["GET"]}}],"collection":[{"href":"https:\/\/radiostudiow.com.br\/site\/wp-json\/wp\/v2\/posts"}],"about":[{"href":"https:\/\/radiostudiow.com.br\/site\/wp-json\/wp\/v2\/types\/post"}],"author":[{"embeddable":true,"href":"https:\/\/radiostudiow.com.br\/site\/wp-json\/wp\/v2\/users\/2"}],"replies":[{"embeddable":true,"href":"https:\/\/radiostudiow.com.br\/site\/wp-json\/wp\/v2\/comments?post=32474"}],"version-history":[{"count":2,"href":"https:\/\/radiostudiow.com.br\/site\/wp-json\/wp\/v2\/posts\/32474\/revisions"}],"predecessor-version":[{"id":32477,"href":"https:\/\/radiostudiow.com.br\/site\/wp-json\/wp\/v2\/posts\/32474\/revisions\/32477"}],"wp:featuredmedia":[{"embeddable":true,"href":"https:\/\/radiostudiow.com.br\/site\/wp-json\/wp\/v2\/media\/32443"}],"wp:attachment":[{"href":"https:\/\/radiostudiow.com.br\/site\/wp-json\/wp\/v2\/media?parent=32474"}],"wp:term":[{"taxonomy":"category","embeddable":true,"href":"https:\/\/radiostudiow.com.br\/site\/wp-json\/wp\/v2\/categories?post=32474"},{"taxonomy":"post_tag","embeddable":true,"href":"https:\/\/radiostudiow.com.br\/site\/wp-json\/wp\/v2\/tags?post=32474"}],"curies":[{"name":"wp","href":"https:\/\/api.w.org\/{rel}","templated":true}]}}