{"id":32478,"date":"2025-01-06T10:15:18","date_gmt":"2025-01-06T13:15:18","guid":{"rendered":"https:\/\/radiostudiow.com.br\/site\/?p=32478"},"modified":"2025-01-31T14:58:00","modified_gmt":"2025-01-31T17:58:00","slug":"saida-de-pista-na-br-153-mobiliza-bombeiros-de-general-carneiro","status":"publish","type":"post","link":"https:\/\/radiostudiow.com.br\/site\/2025\/01\/06\/saida-de-pista-na-br-153-mobiliza-bombeiros-de-general-carneiro\/","title":{"rendered":"Sa\u00edda de pista na BR-153 mobiliza bombeiros de General Carneiro"},"content":{"rendered":"\n<p>O Corpo de Bombeiros da cidade de General Carneiro atendeu a um acidente registrado durante a tarde dessa sexta-feira, 03 de janeiro, por volta das 14:45 horas, na rodovia BR-153.<\/p>\n\n\n\n<figure class=\"wp-block-image size-full\"><img loading=\"lazy\" decoding=\"async\" width=\"897\" height=\"204\" src=\"https:\/\/radiostudiow.com.br\/site\/wp-content\/uploads\/2024\/04\/image-37.png\" alt=\"\" class=\"wp-image-21305\" srcset=\"https:\/\/radiostudiow.com.br\/site\/wp-content\/uploads\/2024\/04\/image-37.png 897w, https:\/\/radiostudiow.com.br\/site\/wp-content\/uploads\/2024\/04\/image-37-300x68.png 300w, https:\/\/radiostudiow.com.br\/site\/wp-content\/uploads\/2024\/04\/image-37-768x175.png 768w\" sizes=\"auto, (max-width: 897px) 100vw, 897px\" \/><\/figure>\n\n\n\n<p>Segundo informa\u00e7\u00f5es, o acidente ocorreu pr\u00f3ximo a carvoeira do Nelsinho, e envolveu uma camioneta Ford\/F1000 de cor vermelha, placas de Pinh\u00e3o\/PR, a qual o motorista perdeu o controle e veio a sair da pista, batendo em uma \u00e1rvore.<\/p>\n\n\n\n<p>Com o acidente o homem que conduzia o ve\u00edculo n\u00e3o sofreu ferimentos e saiu ileso.<a href=\"mailto:?subject=Sa%C3%ADda%20de%20pista%20na%20BR-153%20mobiliza%20bombeiros%20de%20General%20Carneiro&amp;body=https:\/\/www.vvale.com.br\/transito\/saida-de-pista-na-br-153-mobiliza-bombeiros-de-general-carneiro\/\" target=\"_blank\" rel=\"noreferrer noopener\"><\/a><\/p>\n","protected":false},"excerpt":{"rendered":"<p>O Corpo de Bombeiros da cidade de General Carneiro atendeu a um acidente registrado durante a tarde dessa sexta-feira, 03 de janeiro, por volta das 14:45 horas, na rodovia BR-153. Segundo informa\u00e7\u00f5es, o acidente ocorreu pr\u00f3ximo a carvoeira do Nelsinho, e envolveu uma camioneta Ford\/F1000 de cor vermelha, placas de Pinh\u00e3o\/PR, a qual o motorista [&hellip;]<\/p>\n","protected":false},"author":2,"featured_media":32479,"comment_status":"open","ping_status":"open","sticky":false,"template":"","format":"standard","meta":{"footnotes":""},"categories":[185],"tags":[172],"class_list":["post-32478","post","type-post","status-publish","format-standard","has-post-thumbnail","hentry","category-regional","tag-featured"],"amp_enabled":true,"_links":{"self":[{"href":"https:\/\/radiostudiow.com.br\/site\/wp-json\/wp\/v2\/posts\/32478","targetHints":{"allow":["GET"]}}],"collection":[{"href":"https:\/\/radiostudiow.com.br\/site\/wp-json\/wp\/v2\/posts"}],"about":[{"href":"https:\/\/radiostudiow.com.br\/site\/wp-json\/wp\/v2\/types\/post"}],"author":[{"embeddable":true,"href":"https:\/\/radiostudiow.com.br\/site\/wp-json\/wp\/v2\/users\/2"}],"replies":[{"embeddable":true,"href":"https:\/\/radiostudiow.com.br\/site\/wp-json\/wp\/v2\/comments?post=32478"}],"version-history":[{"count":1,"href":"https:\/\/radiostudiow.com.br\/site\/wp-json\/wp\/v2\/posts\/32478\/revisions"}],"predecessor-version":[{"id":32480,"href":"https:\/\/radiostudiow.com.br\/site\/wp-json\/wp\/v2\/posts\/32478\/revisions\/32480"}],"wp:featuredmedia":[{"embeddable":true,"href":"https:\/\/radiostudiow.com.br\/site\/wp-json\/wp\/v2\/media\/32479"}],"wp:attachment":[{"href":"https:\/\/radiostudiow.com.br\/site\/wp-json\/wp\/v2\/media?parent=32478"}],"wp:term":[{"taxonomy":"category","embeddable":true,"href":"https:\/\/radiostudiow.com.br\/site\/wp-json\/wp\/v2\/categories?post=32478"},{"taxonomy":"post_tag","embeddable":true,"href":"https:\/\/radiostudiow.com.br\/site\/wp-json\/wp\/v2\/tags?post=32478"}],"curies":[{"name":"wp","href":"https:\/\/api.w.org\/{rel}","templated":true}]}}