{"id":32483,"date":"2025-01-06T10:37:34","date_gmt":"2025-01-06T13:37:34","guid":{"rendered":"https:\/\/radiostudiow.com.br\/site\/?p=32483"},"modified":"2025-01-31T14:58:00","modified_gmt":"2025-01-31T17:58:00","slug":"homem-cai-de-altura-de-5-metros-ao-retirar-enfeites-de-natal","status":"publish","type":"post","link":"https:\/\/radiostudiow.com.br\/site\/2025\/01\/06\/homem-cai-de-altura-de-5-metros-ao-retirar-enfeites-de-natal\/","title":{"rendered":"Homem cai de altura de 5 metros ao retirar enfeites de Natal"},"content":{"rendered":"\n<p>Na noite deste domingo, 5, um homem sofreu uma queda de aproximadamente cinco metros enquanto retirava enfeites natalinos em sua resid\u00eancia, localizada na Rua Otto Eggers, no bairro Cidade Nova, em Porto Uni\u00e3o.<\/p>\n\n\n\n<figure class=\"wp-block-image size-large\"><img decoding=\"async\" src=\"https:\/\/radiostudiow.com.br\/site\/wp-content\/uploads\/2024\/12\/unnamed-file-1024x379.png\" alt=\"\" class=\"wp-image-32295\"\/><\/figure>\n\n\n\n<p>O Corpo de Bombeiros de Porto Uni\u00e3o foi acionado para atender a ocorr\u00eancia.<\/p>\n\n\n\n<p>Apesar da altura da queda, a v\u00edtima estava consciente e orientada no momento do resgate.\u00a0Ele apresentava ferimentos e foi prontamente encaminhado ao hospital para avalia\u00e7\u00e3o m\u00e9dica e cuidados necess\u00e1rios.<\/p>\n","protected":false},"excerpt":{"rendered":"<p>Na noite deste domingo, 5, um homem sofreu uma queda de aproximadamente cinco metros enquanto retirava enfeites natalinos em sua resid\u00eancia, localizada na Rua Otto Eggers, no bairro Cidade Nova, em Porto Uni\u00e3o. O Corpo de Bombeiros de Porto Uni\u00e3o foi acionado para atender a ocorr\u00eancia. Apesar da altura da queda, a v\u00edtima estava consciente [&hellip;]<\/p>\n","protected":false},"author":2,"featured_media":32484,"comment_status":"open","ping_status":"open","sticky":false,"template":"","format":"standard","meta":{"footnotes":""},"categories":[185],"tags":[172],"class_list":["post-32483","post","type-post","status-publish","format-standard","has-post-thumbnail","hentry","category-regional","tag-featured"],"amp_enabled":true,"_links":{"self":[{"href":"https:\/\/radiostudiow.com.br\/site\/wp-json\/wp\/v2\/posts\/32483","targetHints":{"allow":["GET"]}}],"collection":[{"href":"https:\/\/radiostudiow.com.br\/site\/wp-json\/wp\/v2\/posts"}],"about":[{"href":"https:\/\/radiostudiow.com.br\/site\/wp-json\/wp\/v2\/types\/post"}],"author":[{"embeddable":true,"href":"https:\/\/radiostudiow.com.br\/site\/wp-json\/wp\/v2\/users\/2"}],"replies":[{"embeddable":true,"href":"https:\/\/radiostudiow.com.br\/site\/wp-json\/wp\/v2\/comments?post=32483"}],"version-history":[{"count":1,"href":"https:\/\/radiostudiow.com.br\/site\/wp-json\/wp\/v2\/posts\/32483\/revisions"}],"predecessor-version":[{"id":32485,"href":"https:\/\/radiostudiow.com.br\/site\/wp-json\/wp\/v2\/posts\/32483\/revisions\/32485"}],"wp:featuredmedia":[{"embeddable":true,"href":"https:\/\/radiostudiow.com.br\/site\/wp-json\/wp\/v2\/media\/32484"}],"wp:attachment":[{"href":"https:\/\/radiostudiow.com.br\/site\/wp-json\/wp\/v2\/media?parent=32483"}],"wp:term":[{"taxonomy":"category","embeddable":true,"href":"https:\/\/radiostudiow.com.br\/site\/wp-json\/wp\/v2\/categories?post=32483"},{"taxonomy":"post_tag","embeddable":true,"href":"https:\/\/radiostudiow.com.br\/site\/wp-json\/wp\/v2\/tags?post=32483"}],"curies":[{"name":"wp","href":"https:\/\/api.w.org\/{rel}","templated":true}]}}