{"id":32491,"date":"2025-01-06T11:10:16","date_gmt":"2025-01-06T14:10:16","guid":{"rendered":"https:\/\/radiostudiow.com.br\/site\/?p=32491"},"modified":"2025-01-31T14:58:00","modified_gmt":"2025-01-31T17:58:00","slug":"homem-tenta-se-esconder-da-policia-em-cima-arvore-apos-quebrar-janelas-de-residencia-em-paulo-frontin","status":"publish","type":"post","link":"https:\/\/radiostudiow.com.br\/site\/2025\/01\/06\/homem-tenta-se-esconder-da-policia-em-cima-arvore-apos-quebrar-janelas-de-residencia-em-paulo-frontin\/","title":{"rendered":"Homem tenta se esconder da pol\u00edcia em cima \u00e1rvore ap\u00f3s quebrar janelas de resid\u00eancia em Paulo Frontin"},"content":{"rendered":"\n<p>A equipe da Pol\u00edcia Militar de Paulo Frontin foi acionada para uma situa\u00e7\u00e3o de dano em que a casa da solicitante teve as janelas quebradas por volta das 03:24 horas desse domingo (05).<\/p>\n\n\n\n<p>No local, foi constatado o dano em duas janelas que foram quebradas por pedras e o autor do dano fugiu em dire\u00e7\u00e3o a \u00e1rea de mata.<\/p>\n\n\n\n<figure class=\"wp-block-image size-full\"><img loading=\"lazy\" decoding=\"async\" width=\"897\" height=\"204\" src=\"https:\/\/radiostudiow.com.br\/site\/wp-content\/uploads\/2024\/04\/image-15.png\" alt=\"\" class=\"wp-image-21199\" srcset=\"https:\/\/radiostudiow.com.br\/site\/wp-content\/uploads\/2024\/04\/image-15.png 897w, https:\/\/radiostudiow.com.br\/site\/wp-content\/uploads\/2024\/04\/image-15-300x68.png 300w, https:\/\/radiostudiow.com.br\/site\/wp-content\/uploads\/2024\/04\/image-15-768x175.png 768w\" sizes=\"auto, (max-width: 897px) 100vw, 897px\" \/><\/figure>\n\n\n\n<p>Em patrulhamento pelas proximidades, foi avistado um indiv\u00edduo escondido em cima de uma \u00e1rvore. Foi abordado e identificado.<\/p>\n\n\n\n<p>As partes envolvidas foram encaminhadas ao destacamento para confec\u00e7\u00e3o de termo circunstanciado.<\/p>\n\n\n\n<p><\/p>\n","protected":false},"excerpt":{"rendered":"<p>A equipe da Pol\u00edcia Militar de Paulo Frontin foi acionada para uma situa\u00e7\u00e3o de dano em que a casa da solicitante teve as janelas quebradas por volta das 03:24 horas desse domingo (05). No local, foi constatado o dano em duas janelas que foram quebradas por pedras e o autor do dano fugiu em dire\u00e7\u00e3o [&hellip;]<\/p>\n","protected":false},"author":2,"featured_media":32495,"comment_status":"open","ping_status":"open","sticky":false,"template":"","format":"standard","meta":{"footnotes":""},"categories":[2],"tags":[172],"class_list":["post-32491","post","type-post","status-publish","format-standard","has-post-thumbnail","hentry","category-policial","tag-featured"],"amp_enabled":true,"_links":{"self":[{"href":"https:\/\/radiostudiow.com.br\/site\/wp-json\/wp\/v2\/posts\/32491","targetHints":{"allow":["GET"]}}],"collection":[{"href":"https:\/\/radiostudiow.com.br\/site\/wp-json\/wp\/v2\/posts"}],"about":[{"href":"https:\/\/radiostudiow.com.br\/site\/wp-json\/wp\/v2\/types\/post"}],"author":[{"embeddable":true,"href":"https:\/\/radiostudiow.com.br\/site\/wp-json\/wp\/v2\/users\/2"}],"replies":[{"embeddable":true,"href":"https:\/\/radiostudiow.com.br\/site\/wp-json\/wp\/v2\/comments?post=32491"}],"version-history":[{"count":2,"href":"https:\/\/radiostudiow.com.br\/site\/wp-json\/wp\/v2\/posts\/32491\/revisions"}],"predecessor-version":[{"id":32496,"href":"https:\/\/radiostudiow.com.br\/site\/wp-json\/wp\/v2\/posts\/32491\/revisions\/32496"}],"wp:featuredmedia":[{"embeddable":true,"href":"https:\/\/radiostudiow.com.br\/site\/wp-json\/wp\/v2\/media\/32495"}],"wp:attachment":[{"href":"https:\/\/radiostudiow.com.br\/site\/wp-json\/wp\/v2\/media?parent=32491"}],"wp:term":[{"taxonomy":"category","embeddable":true,"href":"https:\/\/radiostudiow.com.br\/site\/wp-json\/wp\/v2\/categories?post=32491"},{"taxonomy":"post_tag","embeddable":true,"href":"https:\/\/radiostudiow.com.br\/site\/wp-json\/wp\/v2\/tags?post=32491"}],"curies":[{"name":"wp","href":"https:\/\/api.w.org\/{rel}","templated":true}]}}