{"id":32505,"date":"2025-01-06T19:52:12","date_gmt":"2025-01-06T22:52:12","guid":{"rendered":"https:\/\/radiostudiow.com.br\/site\/?p=32505"},"modified":"2025-01-31T14:58:00","modified_gmt":"2025-01-31T17:58:00","slug":"caminhoneiros-sao-alvo-de-operacao-da-prf-a-partir-desta-segunda-6","status":"publish","type":"post","link":"https:\/\/radiostudiow.com.br\/site\/2025\/01\/06\/caminhoneiros-sao-alvo-de-operacao-da-prf-a-partir-desta-segunda-6\/","title":{"rendered":"Caminhoneiros s\u00e3o alvo de opera\u00e7\u00e3o da PRF a partir desta segunda (6)"},"content":{"rendered":"\n<p>A&nbsp;partir desta segunda-feira (6 de janeiro),&nbsp;ve\u00edculos de transporte de cargas e caminhoneiros&nbsp;ser\u00e3o alvo da Opera\u00e7\u00e3o Descanso Legal I da Pol\u00edcia Rodovi\u00e1ria Federal (PRF) em todo o pa\u00eds. A fiscaliza\u00e7\u00e3o quer verificar se os&nbsp;sistemas de freios&nbsp;est\u00e3o em boas condi\u00e7\u00f5es e se os&nbsp;motoristas est\u00e3o cumprindo o tempo de descanso obrigat\u00f3rio.&nbsp;<\/p>\n\n\n\n<p>De acordo com a PRF, ser\u00e3o nove dias de opera\u00e7\u00e3o com foco em prevenir os sinistros de tr\u00e2nsito, j\u00e1 que ve\u00edculos maiores em circula\u00e7\u00e3o fora dos padr\u00f5es estabelecidos pela legisla\u00e7\u00e3o de tr\u00e2nsito podem representar mais riscos a quem passa pelas rodovias.<\/p>\n\n\n\n<figure class=\"wp-block-image size-full\"><img loading=\"lazy\" decoding=\"async\" width=\"897\" height=\"204\" src=\"https:\/\/radiostudiow.com.br\/site\/wp-content\/uploads\/2024\/12\/SEPAC.png\" alt=\"\" class=\"wp-image-32250\" srcset=\"https:\/\/radiostudiow.com.br\/site\/wp-content\/uploads\/2024\/12\/SEPAC.png 897w, https:\/\/radiostudiow.com.br\/site\/wp-content\/uploads\/2024\/12\/SEPAC-300x68.png 300w, https:\/\/radiostudiow.com.br\/site\/wp-content\/uploads\/2024\/12\/SEPAC-768x175.png 768w\" sizes=\"auto, (max-width: 897px) 100vw, 897px\" \/><\/figure>\n\n\n\n<p>Os caminh\u00f5es correspondem a 60% do transporte de cargas no Brasil. Entre janeiro e a primeira quinzena de dezembro de 2024, a PRF registrou 1.703 sinistros&nbsp;graves de tr\u00e2nsito que envolveram ve\u00edculos de transporte de cargas. A estat\u00edstica \u00e9 6,37% maior que no mesmo per\u00edodo de 2023, quando foram registrados 1.601 sinistros de tr\u00e2nsito nas rodovias federais de todo o pa\u00eds. O n\u00famero de mortes nesses sinistros de tr\u00e2nsito tamb\u00e9m aumentou de 509 para 566, alta de 11,2%.<\/p>\n\n\n\n<p>Segundo a PRF, al\u00e9m das fiscaliza\u00e7\u00f5es do tempo de descanso e do sistema de freios, os motoristas tamb\u00e9m ser\u00e3o submetidos ao teste de etil\u00f4metro e orientados sobre a legisla\u00e7\u00e3o de tr\u00e2nsito.&nbsp;<\/p>\n\n\n\n<p>O C\u00f3digo de Tr\u00e2nsito Brasileiro (CTB) estabelece que motoristas de ve\u00edculos de carga devem descansar, no m\u00ednimo, onze horas a cada vinte e quatro horas, e que os caminhoneiros devem fazer intervalos de, no m\u00ednimo, trinta minutos a cada cinco horas e meia de viagem.&nbsp;<\/p>\n\n\n\n<p>Quando os policiais flagram irregularidades no cumprimento da lei do descanso, al\u00e9m da autua\u00e7\u00e3o, o motorista precisa cumprir o tempo de descanso por onze horas ininterruptas.<\/p>\n\n\n\n<figure class=\"wp-block-image size-full\"><img decoding=\"async\" src=\"https:\/\/radiostudiow.com.br\/site\/wp-content\/uploads\/2024\/04\/image-6.png\" alt=\"\" class=\"wp-image-21168\"\/><\/figure>\n\n\n\n<p>No caso de&nbsp;irregularidades no sistema de freios dos ve\u00edculos, os condutores s\u00e3o autuados e o ve\u00edculo pode ser removido por provocar riscos a quem passa pela rodovia.<\/p>\n\n\n\n<p>As a\u00e7\u00f5es preventivas e de fiscaliza\u00e7\u00e3o feitas pela PRF t\u00eam como um dos objetivos a diminui\u00e7\u00e3o de mortes e feridos, conforme estabelecido pelo Plano Nacional de Redu\u00e7\u00e3o de Mortes e Les\u00f5es no Tr\u00e2nsito (Pnatrans). Coordenado pelo Minist\u00e9rio dos Transportes, o plano re\u00fane as institui\u00e7\u00f5es que fazem parte do Sistema Nacional de Tr\u00e2nsito (SNT) para alcan\u00e7ar a meta estabelecida de diminuir em pelo menos 50% o n\u00famero de mortes por grupo de habitantes em sinistros de tr\u00e2nsito e preservar 86 mil vidas em todo o pa\u00eds.<\/p>\n","protected":false},"excerpt":{"rendered":"<p>A&nbsp;partir desta segunda-feira (6 de janeiro),&nbsp;ve\u00edculos de transporte de cargas e caminhoneiros&nbsp;ser\u00e3o alvo da Opera\u00e7\u00e3o Descanso Legal I da Pol\u00edcia Rodovi\u00e1ria Federal (PRF) em todo o pa\u00eds. A fiscaliza\u00e7\u00e3o quer verificar se os&nbsp;sistemas de freios&nbsp;est\u00e3o em boas condi\u00e7\u00f5es e se os&nbsp;motoristas est\u00e3o cumprindo o tempo de descanso obrigat\u00f3rio.&nbsp; De acordo com a PRF, ser\u00e3o nove [&hellip;]<\/p>\n","protected":false},"author":2,"featured_media":32506,"comment_status":"open","ping_status":"open","sticky":false,"template":"","format":"standard","meta":{"footnotes":""},"categories":[2],"tags":[172],"class_list":["post-32505","post","type-post","status-publish","format-standard","has-post-thumbnail","hentry","category-policial","tag-featured"],"amp_enabled":true,"_links":{"self":[{"href":"https:\/\/radiostudiow.com.br\/site\/wp-json\/wp\/v2\/posts\/32505","targetHints":{"allow":["GET"]}}],"collection":[{"href":"https:\/\/radiostudiow.com.br\/site\/wp-json\/wp\/v2\/posts"}],"about":[{"href":"https:\/\/radiostudiow.com.br\/site\/wp-json\/wp\/v2\/types\/post"}],"author":[{"embeddable":true,"href":"https:\/\/radiostudiow.com.br\/site\/wp-json\/wp\/v2\/users\/2"}],"replies":[{"embeddable":true,"href":"https:\/\/radiostudiow.com.br\/site\/wp-json\/wp\/v2\/comments?post=32505"}],"version-history":[{"count":1,"href":"https:\/\/radiostudiow.com.br\/site\/wp-json\/wp\/v2\/posts\/32505\/revisions"}],"predecessor-version":[{"id":32507,"href":"https:\/\/radiostudiow.com.br\/site\/wp-json\/wp\/v2\/posts\/32505\/revisions\/32507"}],"wp:featuredmedia":[{"embeddable":true,"href":"https:\/\/radiostudiow.com.br\/site\/wp-json\/wp\/v2\/media\/32506"}],"wp:attachment":[{"href":"https:\/\/radiostudiow.com.br\/site\/wp-json\/wp\/v2\/media?parent=32505"}],"wp:term":[{"taxonomy":"category","embeddable":true,"href":"https:\/\/radiostudiow.com.br\/site\/wp-json\/wp\/v2\/categories?post=32505"},{"taxonomy":"post_tag","embeddable":true,"href":"https:\/\/radiostudiow.com.br\/site\/wp-json\/wp\/v2\/tags?post=32505"}],"curies":[{"name":"wp","href":"https:\/\/api.w.org\/{rel}","templated":true}]}}