{"id":32508,"date":"2025-01-06T19:54:28","date_gmt":"2025-01-06T22:54:28","guid":{"rendered":"https:\/\/radiostudiow.com.br\/site\/?p=32508"},"modified":"2025-01-31T14:58:00","modified_gmt":"2025-01-31T17:58:00","slug":"gerente-de-trenzinho-da-alegria-e-preso-suspeito-de-abusar-sexualmente-de-criancas-no-parana","status":"publish","type":"post","link":"https:\/\/radiostudiow.com.br\/site\/2025\/01\/06\/gerente-de-trenzinho-da-alegria-e-preso-suspeito-de-abusar-sexualmente-de-criancas-no-parana\/","title":{"rendered":"Gerente de \u2018trenzinho da alegria\u2019 \u00e9 preso suspeito de abusar sexualmente de crian\u00e7as no Paran\u00e1"},"content":{"rendered":"\n<p>Um homem de 21 anos, gerente de um \u201ctrenzinho da alegria\u201d, foi preso na sexta-feira (3) suspeito de abusar sexualmente de crian\u00e7as em&nbsp;<a class=\"\" href=\"https:\/\/g1.globo.com\/pr\/norte-noroeste\/cidade\/paranavai\/\" rel=\"noreferrer noopener\" target=\"_blank\">Paranava\u00ed<\/a>, no noroeste do Paran\u00e1.<\/p>\n\n\n\n<p>Segundo a Pol\u00edcia Civil, fam\u00edlias de pelo menos tr\u00eas v\u00edtimas, com idades entre 9 e 11 anos, fizeram den\u00fancias.<\/p>\n\n\n\n<figure class=\"wp-block-image size-full\"><img decoding=\"async\" src=\"https:\/\/radiostudiow.com.br\/site\/wp-content\/uploads\/2024\/12\/BISTRO-1.png\" alt=\"\" class=\"wp-image-31475\"\/><\/figure>\n\n\n\n<p>Durante as investiga\u00e7\u00f5es, conforme a pol\u00edcia, foram encontrados conte\u00fados comprometedores no celular de uma das v\u00edtimas, o que confirmou os crimes de abuso sexual infantil e estupro de vulner\u00e1vel.<\/p>\n\n\n\n<p>De acordo com a corpora\u00e7\u00e3o, o homem tem hist\u00f3rico de crimes deste tipo e responde pelo crime de abuso sexual infantil no Mato Grosso do Sul, onde morava.<\/p>\n\n\n\n<h2 class=\"wp-block-heading\">Homem usava do cargo para se aproximar das crian\u00e7as, diz pol\u00edcia<\/h2>\n\n\n\n<p>As investiga\u00e7\u00f5es indicaram que o homem utilizava da posi\u00e7\u00e3o de gerente para se aproximar das crian\u00e7as e cometer os atos il\u00edcitos.<\/p>\n\n\n\n<p>Al\u00e9m disso, enquanto familiares das v\u00edtimas registravam o Boletim de Ocorr\u00eancia (B.O), o suspeito enviou mensagens a uma das crian\u00e7as, tentando alici\u00e1-la novamente. Conforme a pol\u00edcia, a a\u00e7\u00e3o refor\u00e7a um perfil \u201ccriminoso e predat\u00f3rio\u201d.<\/p>\n\n\n\n<figure class=\"wp-block-image size-full\"><img decoding=\"async\" src=\"https:\/\/radiostudiow.com.br\/site\/wp-content\/uploads\/2024\/04\/image-45.png\" alt=\"\" class=\"wp-image-21394\"\/><\/figure>\n\n\n\n<h2 class=\"wp-block-heading\">Alvar\u00e1 suspenso<\/h2>\n\n\n\n<p>Diante da situa\u00e7\u00e3o, a Prefeitura de Paranava\u00ed afirmou que interditou a atua\u00e7\u00e3o do trenzinho da alegria por meio da suspens\u00e3o do alvar\u00e1 de funcionamento do ve\u00edculo.<\/p>\n\n\n\n<p>A decis\u00e3o foi tomada com base na viola\u00e7\u00e3o da ordem p\u00fablica e seguran\u00e7a, no comprometimento da seguran\u00e7a do servi\u00e7o e na prote\u00e7\u00e3o de crian\u00e7as e adolescentes, itens considerados na hora da concess\u00e3o da licen\u00e7a de funcionamento.<\/p>\n\n\n\n<h2 class=\"wp-block-heading\">Prote\u00e7\u00e3o das crian\u00e7as e adolescentes<\/h2>\n\n\n\n<p>O delegado Gilson Matos, respons\u00e1vel pelas investiga\u00e7\u00f5es, orienta que os pais estejam cientes do comportamento online dos filhos.<\/p>\n\n\n\n<p>\u201cTenham aten\u00e7\u00e3o, pais: monitorem o acesso de seus filhos ao aplicativos de mensagens e intera\u00e7\u00f5es com desconhecidos. Predadores podem se aproximar sob disfarces inocentes. A prote\u00e7\u00e3o come\u00e7a em casa\u201d, explica.<\/p>\n\n\n\n<p>Crimes contra crian\u00e7as e adolescentes podem ser denunciados de forma an\u00f4nima por meio do telefone 181.<\/p>\n\n\n\n<figure class=\"wp-block-image size-large\"><img loading=\"lazy\" decoding=\"async\" width=\"1024\" height=\"719\" src=\"https:\/\/radiostudiow.com.br\/site\/wp-content\/uploads\/2024\/12\/04-7-1024x719.jpg\" alt=\"\" class=\"wp-image-32191\" srcset=\"https:\/\/radiostudiow.com.br\/site\/wp-content\/uploads\/2024\/12\/04-7-1024x719.jpg 1024w, https:\/\/radiostudiow.com.br\/site\/wp-content\/uploads\/2024\/12\/04-7-300x211.jpg 300w, https:\/\/radiostudiow.com.br\/site\/wp-content\/uploads\/2024\/12\/04-7-768x539.jpg 768w, https:\/\/radiostudiow.com.br\/site\/wp-content\/uploads\/2024\/12\/04-7.jpg 1043w\" sizes=\"auto, (max-width: 1024px) 100vw, 1024px\" \/><\/figure>\n\n\n\n<p><em>Reportagem: G1<\/em><\/p>\n","protected":false},"excerpt":{"rendered":"<p>Um homem de 21 anos, gerente de um \u201ctrenzinho da alegria\u201d, foi preso na sexta-feira (3) suspeito de abusar sexualmente de crian\u00e7as em&nbsp;Paranava\u00ed, no noroeste do Paran\u00e1. Segundo a Pol\u00edcia Civil, fam\u00edlias de pelo menos tr\u00eas v\u00edtimas, com idades entre 9 e 11 anos, fizeram den\u00fancias. Durante as investiga\u00e7\u00f5es, conforme a pol\u00edcia, foram encontrados conte\u00fados [&hellip;]<\/p>\n","protected":false},"author":2,"featured_media":32509,"comment_status":"open","ping_status":"open","sticky":false,"template":"","format":"standard","meta":{"footnotes":""},"categories":[2],"tags":[172],"class_list":["post-32508","post","type-post","status-publish","format-standard","has-post-thumbnail","hentry","category-policial","tag-featured"],"amp_enabled":true,"_links":{"self":[{"href":"https:\/\/radiostudiow.com.br\/site\/wp-json\/wp\/v2\/posts\/32508","targetHints":{"allow":["GET"]}}],"collection":[{"href":"https:\/\/radiostudiow.com.br\/site\/wp-json\/wp\/v2\/posts"}],"about":[{"href":"https:\/\/radiostudiow.com.br\/site\/wp-json\/wp\/v2\/types\/post"}],"author":[{"embeddable":true,"href":"https:\/\/radiostudiow.com.br\/site\/wp-json\/wp\/v2\/users\/2"}],"replies":[{"embeddable":true,"href":"https:\/\/radiostudiow.com.br\/site\/wp-json\/wp\/v2\/comments?post=32508"}],"version-history":[{"count":1,"href":"https:\/\/radiostudiow.com.br\/site\/wp-json\/wp\/v2\/posts\/32508\/revisions"}],"predecessor-version":[{"id":32510,"href":"https:\/\/radiostudiow.com.br\/site\/wp-json\/wp\/v2\/posts\/32508\/revisions\/32510"}],"wp:featuredmedia":[{"embeddable":true,"href":"https:\/\/radiostudiow.com.br\/site\/wp-json\/wp\/v2\/media\/32509"}],"wp:attachment":[{"href":"https:\/\/radiostudiow.com.br\/site\/wp-json\/wp\/v2\/media?parent=32508"}],"wp:term":[{"taxonomy":"category","embeddable":true,"href":"https:\/\/radiostudiow.com.br\/site\/wp-json\/wp\/v2\/categories?post=32508"},{"taxonomy":"post_tag","embeddable":true,"href":"https:\/\/radiostudiow.com.br\/site\/wp-json\/wp\/v2\/tags?post=32508"}],"curies":[{"name":"wp","href":"https:\/\/api.w.org\/{rel}","templated":true}]}}