{"id":32525,"date":"2025-01-07T10:45:04","date_gmt":"2025-01-07T13:45:04","guid":{"rendered":"https:\/\/radiostudiow.com.br\/site\/?p=32525"},"modified":"2025-01-31T14:58:00","modified_gmt":"2025-01-31T17:58:00","slug":"jovem-com-familiares-de-sao-joao-do-triunfo-e-encontrada-morta-em-palmeira","status":"publish","type":"post","link":"https:\/\/radiostudiow.com.br\/site\/2025\/01\/07\/jovem-com-familiares-de-sao-joao-do-triunfo-e-encontrada-morta-em-palmeira\/","title":{"rendered":"Jovem com familiares de S\u00e3o Jo\u00e3o do Triunfo \u00e9 encontrada morta em Palmeira"},"content":{"rendered":"\n<p>Nesta segunda-feira, 06 de janeiro, uma mulher compareceu \u00e0 Delegacia de Palmeira para registrar o desaparecimento de sua irm\u00e3,\u00a0Vanessa Aparecida Mayer, vista pela \u00faltima vez na tarde de domingo (5), por volta das 16 horas entrando em um ve\u00edculo de aplicativo.<\/p>\n\n\n\n<figure class=\"wp-block-image size-full\"><img loading=\"lazy\" decoding=\"async\" width=\"598\" height=\"204\" src=\"https:\/\/radiostudiow.com.br\/site\/wp-content\/uploads\/2024\/12\/image-95.png\" alt=\"\" class=\"wp-image-31919\" srcset=\"https:\/\/radiostudiow.com.br\/site\/wp-content\/uploads\/2024\/12\/image-95.png 598w, https:\/\/radiostudiow.com.br\/site\/wp-content\/uploads\/2024\/12\/image-95-300x102.png 300w\" sizes=\"auto, (max-width: 598px) 100vw, 598px\" \/><\/figure>\n\n\n\n<p>A jovem de 30 anos foi vista pela \u00faltima vez quando deixou o pr\u00e9dio de uma amiga, em Ponta Grossa, para embarcar em uma carona por aplicativo. Uma c\u00e2mera de seguran\u00e7a registrou o momento em que Vanessa sai do edif\u00edcio usando um vestido rosa e sapato de tira verde, \u00e0s 15h32 \u2013 ela carregava duas malas pretas.\u00a0A irm\u00e3 relatou \u00e0s autoridades que esteve na casa de Vanessa e encontrou as duas malas que ela carregava. No entanto, as bolsas estavam abertas e vazias.<\/p>\n\n\n\n<p>A situa\u00e7\u00e3o se tornou ainda mais preocupante\u00a0ap\u00f3s a morte do ex-marido de Vanessa em um acidente de carro na BR-277, pr\u00f3ximo \u00e0 cidade de Palmeira, na manh\u00e3 desta segunda-feira.\u00a0A coincid\u00eancia entre os eventos despertou grande apreens\u00e3o entre os familiares.\u00a0Vanessa tem familiares que moram na regi\u00e3o da Col\u00f4nia Bromado, S\u00e3o Jo\u00e3o do Triunfo.<\/p>\n\n\n\n<figure class=\"wp-block-image size-full\"><img decoding=\"async\" src=\"https:\/\/radiostudiow.com.br\/site\/wp-content\/uploads\/2024\/04\/image-45.png\" alt=\"\" class=\"wp-image-21394\"\/><\/figure>\n\n\n\n<p>Nesta ter\u00e7a-feira (7), equipes da Pol\u00edcia Militar e Pol\u00edcia Civil foram mobilizadas at\u00e9 a localidade Quero Quero, na regi\u00e3o da represa da Facelpa, onde um corpo foi encontrado. Segundo informa\u00e7\u00f5es preliminares do Delegado Rodrigo Siqueira, a Pol\u00edcia Cient\u00edfica est\u00e1 no local para realizar o recolhimento e a identifica\u00e7\u00e3o da v\u00edtima.<\/p>\n\n\n\n<p>A irm\u00e3 de Vanessa confirmou para o Portal Clic Sul News que ela foi a v\u00edtima encontrada morta e os pertences dela foram encontrados pr\u00f3ximo onde o corpo foi encontrado. Caso segue em investiga\u00e7\u00e3o.<\/p>\n","protected":false},"excerpt":{"rendered":"<p>Nesta segunda-feira, 06 de janeiro, uma mulher compareceu \u00e0 Delegacia de Palmeira para registrar o desaparecimento de sua irm\u00e3,\u00a0Vanessa Aparecida Mayer, vista pela \u00faltima vez na tarde de domingo (5), por volta das 16 horas entrando em um ve\u00edculo de aplicativo. A jovem de 30 anos foi vista pela \u00faltima vez quando deixou o pr\u00e9dio [&hellip;]<\/p>\n","protected":false},"author":2,"featured_media":32527,"comment_status":"open","ping_status":"open","sticky":false,"template":"","format":"standard","meta":{"footnotes":""},"categories":[185],"tags":[172],"class_list":["post-32525","post","type-post","status-publish","format-standard","has-post-thumbnail","hentry","category-regional","tag-featured"],"amp_enabled":true,"_links":{"self":[{"href":"https:\/\/radiostudiow.com.br\/site\/wp-json\/wp\/v2\/posts\/32525","targetHints":{"allow":["GET"]}}],"collection":[{"href":"https:\/\/radiostudiow.com.br\/site\/wp-json\/wp\/v2\/posts"}],"about":[{"href":"https:\/\/radiostudiow.com.br\/site\/wp-json\/wp\/v2\/types\/post"}],"author":[{"embeddable":true,"href":"https:\/\/radiostudiow.com.br\/site\/wp-json\/wp\/v2\/users\/2"}],"replies":[{"embeddable":true,"href":"https:\/\/radiostudiow.com.br\/site\/wp-json\/wp\/v2\/comments?post=32525"}],"version-history":[{"count":2,"href":"https:\/\/radiostudiow.com.br\/site\/wp-json\/wp\/v2\/posts\/32525\/revisions"}],"predecessor-version":[{"id":32528,"href":"https:\/\/radiostudiow.com.br\/site\/wp-json\/wp\/v2\/posts\/32525\/revisions\/32528"}],"wp:featuredmedia":[{"embeddable":true,"href":"https:\/\/radiostudiow.com.br\/site\/wp-json\/wp\/v2\/media\/32527"}],"wp:attachment":[{"href":"https:\/\/radiostudiow.com.br\/site\/wp-json\/wp\/v2\/media?parent=32525"}],"wp:term":[{"taxonomy":"category","embeddable":true,"href":"https:\/\/radiostudiow.com.br\/site\/wp-json\/wp\/v2\/categories?post=32525"},{"taxonomy":"post_tag","embeddable":true,"href":"https:\/\/radiostudiow.com.br\/site\/wp-json\/wp\/v2\/tags?post=32525"}],"curies":[{"name":"wp","href":"https:\/\/api.w.org\/{rel}","templated":true}]}}