{"id":32535,"date":"2025-01-07T11:42:17","date_gmt":"2025-01-07T14:42:17","guid":{"rendered":"https:\/\/radiostudiow.com.br\/site\/?p=32535"},"modified":"2025-01-31T14:58:00","modified_gmt":"2025-01-31T17:58:00","slug":"veiculo-cai-em-rio-durante-travessia-de-balsa-em-santa-cruz-do-timbo","status":"publish","type":"post","link":"https:\/\/radiostudiow.com.br\/site\/2025\/01\/07\/veiculo-cai-em-rio-durante-travessia-de-balsa-em-santa-cruz-do-timbo\/","title":{"rendered":"Ve\u00edculo cai em rio durante travessia de balsa em Santa Cruz do Timb\u00f3"},"content":{"rendered":"\n<p>Na tarde deste domingo, 05 de janeiro, uma ocorr\u00eancia envolvendo a balsa de travessia do Rio Timb\u00f3, no distrito de Santa Cruz do Timb\u00f3, em Porto Uni\u00e3o mobilizou o Corpo de Bombeiros.<\/p>\n\n\n\n<figure class=\"wp-block-image size-full\"><img loading=\"lazy\" decoding=\"async\" width=\"598\" height=\"204\" src=\"https:\/\/radiostudiow.com.br\/site\/wp-content\/uploads\/2024\/04\/image-12.png\" alt=\"\" class=\"wp-image-21187\" srcset=\"https:\/\/radiostudiow.com.br\/site\/wp-content\/uploads\/2024\/04\/image-12.png 598w, https:\/\/radiostudiow.com.br\/site\/wp-content\/uploads\/2024\/04\/image-12-300x102.png 300w\" sizes=\"auto, (max-width: 598px) 100vw, 598px\" \/><\/figure>\n\n\n\n<p>De acordo com relatos do balseiro, um ve\u00edculo Fiat\/Uno, conduzido por um homem acompanhado de sua esposa, n\u00e3o conseguiu frear a tempo e rompeu a prote\u00e7\u00e3o da balsa, caindo no rio.<\/p>\n\n\n\n<p>Os ocupantes, o motorista e a passageira, conseguiram sair do ve\u00edculo antes que ele submergisse completamente. A profundidade estimada do local \u00e9 de cerca de cinco metros,&nbsp;e o ve\u00edculo n\u00e3o foi visualizado ap\u00f3s o incidente.<\/p>\n\n\n\n<figure class=\"wp-block-image size-full\"><img decoding=\"async\" src=\"https:\/\/radiostudiow.com.br\/site\/wp-content\/uploads\/2024\/04\/image-45.png\" alt=\"\" class=\"wp-image-21394\"\/><\/figure>\n\n\n\n<p>As v\u00edtimas, que n\u00e3o sofreram ferimentos, foram conduzidas para casa por familiares e n\u00e3o estavam mais no local quando as equipes chegaram.<\/p>\n\n\n\n<p>Os trabalhos contaram com o aux\u00edlio de um trator equipado com guincho de cabo de a\u00e7o, disponibilizado pelo propriet\u00e1rio do ve\u00edculo. Ap\u00f3s ser i\u00e7ado e retirado do rio, o ve\u00edculo foi entregue aos familiares que acompanharam a opera\u00e7\u00e3o no local.<\/p>\n","protected":false},"excerpt":{"rendered":"<p>Na tarde deste domingo, 05 de janeiro, uma ocorr\u00eancia envolvendo a balsa de travessia do Rio Timb\u00f3, no distrito de Santa Cruz do Timb\u00f3, em Porto Uni\u00e3o mobilizou o Corpo de Bombeiros. De acordo com relatos do balseiro, um ve\u00edculo Fiat\/Uno, conduzido por um homem acompanhado de sua esposa, n\u00e3o conseguiu frear a tempo e [&hellip;]<\/p>\n","protected":false},"author":2,"featured_media":32557,"comment_status":"open","ping_status":"open","sticky":false,"template":"","format":"standard","meta":{"footnotes":""},"categories":[185],"tags":[172],"class_list":["post-32535","post","type-post","status-publish","format-standard","has-post-thumbnail","hentry","category-regional","tag-featured"],"amp_enabled":true,"_links":{"self":[{"href":"https:\/\/radiostudiow.com.br\/site\/wp-json\/wp\/v2\/posts\/32535","targetHints":{"allow":["GET"]}}],"collection":[{"href":"https:\/\/radiostudiow.com.br\/site\/wp-json\/wp\/v2\/posts"}],"about":[{"href":"https:\/\/radiostudiow.com.br\/site\/wp-json\/wp\/v2\/types\/post"}],"author":[{"embeddable":true,"href":"https:\/\/radiostudiow.com.br\/site\/wp-json\/wp\/v2\/users\/2"}],"replies":[{"embeddable":true,"href":"https:\/\/radiostudiow.com.br\/site\/wp-json\/wp\/v2\/comments?post=32535"}],"version-history":[{"count":2,"href":"https:\/\/radiostudiow.com.br\/site\/wp-json\/wp\/v2\/posts\/32535\/revisions"}],"predecessor-version":[{"id":32558,"href":"https:\/\/radiostudiow.com.br\/site\/wp-json\/wp\/v2\/posts\/32535\/revisions\/32558"}],"wp:featuredmedia":[{"embeddable":true,"href":"https:\/\/radiostudiow.com.br\/site\/wp-json\/wp\/v2\/media\/32557"}],"wp:attachment":[{"href":"https:\/\/radiostudiow.com.br\/site\/wp-json\/wp\/v2\/media?parent=32535"}],"wp:term":[{"taxonomy":"category","embeddable":true,"href":"https:\/\/radiostudiow.com.br\/site\/wp-json\/wp\/v2\/categories?post=32535"},{"taxonomy":"post_tag","embeddable":true,"href":"https:\/\/radiostudiow.com.br\/site\/wp-json\/wp\/v2\/tags?post=32535"}],"curies":[{"name":"wp","href":"https:\/\/api.w.org\/{rel}","templated":true}]}}