{"id":32537,"date":"2025-01-07T11:41:14","date_gmt":"2025-01-07T14:41:14","guid":{"rendered":"https:\/\/radiostudiow.com.br\/site\/?p=32537"},"modified":"2025-01-31T14:58:00","modified_gmt":"2025-01-31T17:58:00","slug":"nota-da-prf-apos-acidente-que-vitimou-ex-vereador-de-mangueirinha-e-sua-esposa-na-br-277","status":"publish","type":"post","link":"https:\/\/radiostudiow.com.br\/site\/2025\/01\/07\/nota-da-prf-apos-acidente-que-vitimou-ex-vereador-de-mangueirinha-e-sua-esposa-na-br-277\/","title":{"rendered":"Nota da PRF ap\u00f3s acidente que vitimou ex-vereador de Mangueirinha e sua esposa na BR-277"},"content":{"rendered":"\n<p>As vitimas foram identificadas como S\u00e9rgio Luiz Santos , mais conhecido como Belau, ex vereador do Municipio de Mangueirinha -PR, e sua esposa Demiciana Santos, estavam em um ve\u00edculo Voyage, os dois morreram no local do acidente.<\/p>\n\n\n\n<figure class=\"wp-block-image size-large\"><img decoding=\"async\" src=\"https:\/\/radiostudiow.com.br\/site\/wp-content\/uploads\/2024\/12\/unnamed-file-1024x379.png\" alt=\"\" class=\"wp-image-32295\"\/><\/figure>\n\n\n\n<h2 class=\"wp-block-heading\">Nota da PRF<\/h2>\n\n\n\n<p><em>No dia 05 de janeiro do ano de 2025, por volta das 07 horas, no Km 180 da BR-277, munic\u00edpio de Palmeira-PR, ocorreu um acidente do tipo colis\u00e3o frontal envolvendo dois ve\u00edculos, tr\u00eas pessoas lesionadas e duas pessoas em \u00f3bitos.<\/em><\/p>\n\n\n\n<p><em>Os ve\u00edculos envolvidos foram: Um voyage de cor preta e emplacamento de Mangueirinha\/PR e uma BMW X3 de cor branca e emplacamento Argentino.<\/em><\/p>\n\n\n\n<figure class=\"wp-block-image size-full\"><img loading=\"lazy\" decoding=\"async\" width=\"984\" height=\"656\" src=\"https:\/\/radiostudiow.com.br\/site\/wp-content\/uploads\/2025\/01\/najua-acidente-palmeira3.jpg\" alt=\"\" class=\"wp-image-32554\" srcset=\"https:\/\/radiostudiow.com.br\/site\/wp-content\/uploads\/2025\/01\/najua-acidente-palmeira3.jpg 984w, https:\/\/radiostudiow.com.br\/site\/wp-content\/uploads\/2025\/01\/najua-acidente-palmeira3-300x200.jpg 300w, https:\/\/radiostudiow.com.br\/site\/wp-content\/uploads\/2025\/01\/najua-acidente-palmeira3-768x512.jpg 768w\" sizes=\"auto, (max-width: 984px) 100vw, 984px\" \/><\/figure>\n\n\n\n<p><em>O condutor do Voyage, masculino de 24 anos, teve ferimentos leves. Entre os passageiros lesionados, uma feminina de 20 anos teve ferimentos leves e outra feminina de 24 anos teve ferimentos graves. Dois passageiros vieram a \u00f3bito, masculino de 48 anos e feminina de 44 anos.<\/em><\/p>\n\n\n\n<p><em>Os ocupantes da X3 n\u00e3o foram localizados.<\/em><\/p>\n\n\n\n<p><em>Houve interdi\u00e7\u00e3o parcial da rodovia at\u00e9 a finaliza\u00e7\u00e3o de per\u00edcia e remo\u00e7\u00e3o dos ve\u00edculos envolvidos no acidente.<\/em><\/p>\n\n\n\n<p><em>Durante fiscaliza\u00e7\u00e3o dos ve\u00edculos envolvidos, a equipe policial sentiu cheiro de maconha na BMW X3 de emplacamento estrangeiro. Foram encontrados diversos tabletes no interior do ve\u00edculo e tamb\u00e9m dentro da caixa de ar e painel do ve\u00edculo, posteriormente pesados em 117,66Kg de maconha.<\/em><\/p>\n\n\n\n<p><strong><em>O ve\u00edculo e a droga foram encaminhados para a Pol\u00edcia Civil de Palmeira para os procedimentos cab\u00edveis.<\/em><\/strong><\/p>\n\n\n\n<figure class=\"wp-block-image size-large\"><img loading=\"lazy\" decoding=\"async\" width=\"324\" height=\"1024\" src=\"https:\/\/radiostudiow.com.br\/site\/wp-content\/uploads\/2025\/01\/4244ad1a-4d8f-4c9f-865e-f401d223d2ad-324x1024.jpeg\" alt=\"\" class=\"wp-image-32553\" srcset=\"https:\/\/radiostudiow.com.br\/site\/wp-content\/uploads\/2025\/01\/4244ad1a-4d8f-4c9f-865e-f401d223d2ad-324x1024.jpeg 324w, https:\/\/radiostudiow.com.br\/site\/wp-content\/uploads\/2025\/01\/4244ad1a-4d8f-4c9f-865e-f401d223d2ad-95x300.jpeg 95w, https:\/\/radiostudiow.com.br\/site\/wp-content\/uploads\/2025\/01\/4244ad1a-4d8f-4c9f-865e-f401d223d2ad-486x1536.jpeg 486w, https:\/\/radiostudiow.com.br\/site\/wp-content\/uploads\/2025\/01\/4244ad1a-4d8f-4c9f-865e-f401d223d2ad.jpeg 506w\" sizes=\"auto, (max-width: 324px) 100vw, 324px\" \/><\/figure>\n","protected":false},"excerpt":{"rendered":"<p>As vitimas foram identificadas como S\u00e9rgio Luiz Santos , mais conhecido como Belau, ex vereador do Municipio de Mangueirinha -PR, e sua esposa Demiciana Santos, estavam em um ve\u00edculo Voyage, os dois morreram no local do acidente. Nota da PRF No dia 05 de janeiro do ano de 2025, por volta das 07 horas, no [&hellip;]<\/p>\n","protected":false},"author":2,"featured_media":32555,"comment_status":"open","ping_status":"open","sticky":false,"template":"","format":"standard","meta":{"footnotes":""},"categories":[185],"tags":[172],"class_list":["post-32537","post","type-post","status-publish","format-standard","has-post-thumbnail","hentry","category-regional","tag-featured"],"amp_enabled":true,"_links":{"self":[{"href":"https:\/\/radiostudiow.com.br\/site\/wp-json\/wp\/v2\/posts\/32537","targetHints":{"allow":["GET"]}}],"collection":[{"href":"https:\/\/radiostudiow.com.br\/site\/wp-json\/wp\/v2\/posts"}],"about":[{"href":"https:\/\/radiostudiow.com.br\/site\/wp-json\/wp\/v2\/types\/post"}],"author":[{"embeddable":true,"href":"https:\/\/radiostudiow.com.br\/site\/wp-json\/wp\/v2\/users\/2"}],"replies":[{"embeddable":true,"href":"https:\/\/radiostudiow.com.br\/site\/wp-json\/wp\/v2\/comments?post=32537"}],"version-history":[{"count":2,"href":"https:\/\/radiostudiow.com.br\/site\/wp-json\/wp\/v2\/posts\/32537\/revisions"}],"predecessor-version":[{"id":32556,"href":"https:\/\/radiostudiow.com.br\/site\/wp-json\/wp\/v2\/posts\/32537\/revisions\/32556"}],"wp:featuredmedia":[{"embeddable":true,"href":"https:\/\/radiostudiow.com.br\/site\/wp-json\/wp\/v2\/media\/32555"}],"wp:attachment":[{"href":"https:\/\/radiostudiow.com.br\/site\/wp-json\/wp\/v2\/media?parent=32537"}],"wp:term":[{"taxonomy":"category","embeddable":true,"href":"https:\/\/radiostudiow.com.br\/site\/wp-json\/wp\/v2\/categories?post=32537"},{"taxonomy":"post_tag","embeddable":true,"href":"https:\/\/radiostudiow.com.br\/site\/wp-json\/wp\/v2\/tags?post=32537"}],"curies":[{"name":"wp","href":"https:\/\/api.w.org\/{rel}","templated":true}]}}